{"id":11791,"date":"2025-04-14T06:57:40","date_gmt":"2025-04-14T06:57:40","guid":{"rendered":"https:\/\/e-legal-blawg.com\/?p=11791"},"modified":"2025-04-14T06:58:30","modified_gmt":"2025-04-14T06:58:30","slug":"legal-updates-in-portugal-march-2025","status":"publish","type":"post","link":"https:\/\/e-legal-blawg.com\/en\/2025\/04\/14\/legal-updates-in-portugal-march-2025\/","title":{"rendered":"Legal updates in Portugal &#8211; March 2025"},"content":{"rendered":"<div id=\"cs-content\" class=\"cs-content\"><div id=\"ed\" class=\"x-section offset-anchor\" style=\"margin: 0px;padding: 45px 0px 0; background-color: transparent;\" ><div id=\"\" class=\"x-container max width\" style=\"margin: 0px auto;padding: 0px;\" ><div  class=\"x-column x-sm x-1-1\" style=\"padding: 0px;\" ><div id=\"ed\" class=\"x-text\" style=\"\" ><p><b><span data-contrast=\"auto\">I. <\/span><\/b><strong>EDITORIAL \u2013 IMPLEMENTATION RULES FOR THE 2025 STATE BUDGET; TAX SIMPLIFICATION MEASURES AMENDING THE TAX BENEFITS STATUTE, THE TAX PROCEDURE AND PROCESS CODE AND OTHER LEGISLATIVE ACTS<\/strong><\/p>\n<p>The month of March was characterized, <strong>in legislative terms<\/strong>, by the publication of <a href=\"https:\/\/files.diariodarepublica.pt\/1s\/2025\/03\/04801\/0000200089.pdf\"><strong>Decree-Law no. 13-A\/2025, of March 10<\/strong><\/a>, which establishes the rules for implementing the State Budget for 2025, and the publication of the <a href=\"https:\/\/files.diariodarepublica.pt\/1s\/2025\/03\/06100\/0003800062.pdf\"><strong>Decree-Law no. 49\/2025, of March 27<\/strong><\/a>, which approves tax simplification measures, namely amending the Tax Benefits Statute, the Tax Procedure and Process Code and other legislative acts.<\/p>\n<p>Also noteworthy, at a <strong>legislative level<\/strong>, are:<\/p>\n<ul>\n<li><a href=\"https:\/\/files.diariodarepublica.pt\/1s\/2025\/03\/05500\/0000300006.pdf\"><strong>Law no. 26\/2025, of March 19<\/strong><\/a>, which reinforces the penal framework for crimes of aggression against security forces and other public service agents, amending the Penal Code and the Procedural Costs Regulation;<\/li>\n<li><a href=\"https:\/\/files.diariodarepublica.pt\/1s\/2025\/03\/05500\/0005100052.pdf\"><strong>Decree-Law no. 24\/2025, of March 19<\/strong><\/a>, which amends Decree-Law no. 44\/2024, of July 10, extending the possibility for the State to provide a personal guarantee with a view to enabling the granting of loans for own and permanent housing to young people up to the age of 35 to financial companies authorised to carry out credit operations for the purchase of housing in Portugal;<\/li>\n<li><a href=\"https:\/\/files.diariodarepublica.pt\/1s\/2025\/03\/05800\/0002700042.pdf\"><strong>Decree-Law no. 35\/2025, of March 24<\/strong><\/a>, which partially transposes Article 1 of Directive (EU) 2020\/285 and Article 2 of Directive (EU) 2022\/542 as regards the value added tax exemption regime for small enterprises.<\/li>\n<\/ul>\n<p>Within the scope of <strong>case law<\/strong>, we highlight the <a href=\"https:\/\/www.tribunalconstitucional.pt\/tc\/acordaos\/20250253.html\"><strong>Judgement of the Constitutional Court no. 253\/2025, of March 20, Process no. 220\/2024<\/strong><\/a>, in which it decides: \u201c<em>a) Declare unconstitutional the rule contained in article 2(b) of the CESE legal regime (approved by article 228 of the Law no. 83-C\/2013, of December 31), the validity of which was extended to 2019 by article 313 of Law no. 71\/2018, of December 31, in the part in which it determines that the tax is levied on the value of the assets referred to in article 3(1), of subjects that own power plants using renewable sources licensed under Decree-Law no. 172\/2006, of August 23, that have a production licence and have been considered in a position to be authorised for entry into operation; b) Not to declare unconstitutional the rule resulting from articles 313(2) of Law no. 71\/2018, of 31 December, and article 4(a) of the CESE legal regime (in the version of Law no. 71\/2018, of 31 December), which eliminated the exemption that was provided for the production of electricity through power plants using renewable energy sources covered by guaranteed remuneration schemes; <\/em>(...)<em>\u201d<\/em>.<\/p>\n<p>Finally, in the <a href=\"https:\/\/www.portugal.gov.pt\/pt\/gc24\/governo\/comunicado-do-conselho-de-ministros?i=665\"><strong>Miscellaneous<\/strong><\/a>, the Council of Ministers approved three Decree-laws regarding Value Added Tax (VAT): (i) a decree amending the cash VAT regime; (ii) a decree partially transposing the framework of EU regulations on VAT exemption for small businesses; (iii) a law partially transposing into the Portuguese tax law Council Directive (EU) 2022\/542 of 5 April 2022 amending Directives 2006\/112\/EC and (EU) 2020\/285 as regards value added tax (VAT) rates, amending the VAT Code and the special scheme for the taxation of second-hand goods, works of art, collectors' items and antiques.<\/p>\n<\/div><\/div><\/div><\/div><div id=\"ju\" class=\"x-section offset-anchor\" style=\"margin: 0px;padding: 0 0px 45px; background-color: transparent;\" ><div id=\"\" class=\"x-container ju3 max width\" style=\"margin: 0px auto;padding: 0px;\" ><div  class=\"x-column x-sm x-1-1\" style=\"padding: 0px;\" ><div id=\"le\" class=\"x-text offset-anchor\" style=\"\" ><p><strong>II. LEGISLATION<br \/>\n<\/strong><\/p>\n<p><strong>Ordinance no. 77\/2025\/1, of March 3<\/strong>: Proceeds with the second amendment to Ministerial Order no. 217\/2007, of February 26, which approved the annexed rules for the implementation of games of chance.<\/p>\n<p><a href=\"https:\/\/files.diariodarepublica.pt\/1s\/2025\/03\/04300\/0005800058.pdf\">https:\/\/files.diariodarepublica.pt\/1s\/2025\/03\/04300\/0005800058.pdf<\/a><\/p>\n<p><strong>Law no. 22\/2025, of March 4: <\/strong>Establishes the universality of pre-school education for children from the age of 3, amending Law no. 85\/2009 of August 27.<\/p>\n<p><a href=\"https:\/\/files.diariodarepublica.pt\/1s\/2025\/03\/04400\/0000400004.pdf\">https:\/\/files.diariodarepublica.pt\/1s\/2025\/03\/04400\/0000400004.pdf<\/a> <u>\u00a0<\/u><\/p>\n<p><strong>Ordinance no. 81\/2025\/1, of March 4<\/strong>: Defines the terms for awarding the additional remuneration provided for in article 8 of Decree-Law no. 111\/2024 of December 19.<\/p>\n<p><a href=\"https:\/\/files.diariodarepublica.pt\/1s\/2025\/03\/04400\/0000700008.pdf\">https:\/\/files.diariodarepublica.pt\/1s\/2025\/03\/04400\/0000700008.pdf<\/a><\/p>\n<p><strong>Ordinance no. 83\/2025\/1, of March 5: <\/strong>Determines the values of the coefficients to be used for updating annual salaries.<\/p>\n<p><a href=\"https:\/\/files.diariodarepublica.pt\/1s\/2025\/03\/04500\/0000200006.pdf\">https:\/\/files.diariodarepublica.pt\/1s\/2025\/03\/04500\/0000200006.pdf<\/a><\/p>\n<p><strong>Decree-Law no. 13\/2025, of March 6: <\/strong>Amends the Personal Income Tax Code, eliminating reporting obligations in the tax return and clarifying these obligations with regard to assets held in countries, territories or regions with a clearly more favourable tax regime.<\/p>\n<p><a href=\"https:\/\/files.diariodarepublica.pt\/1s\/2025\/03\/04600\/0000400007.pdf\">https:\/\/files.diariodarepublica.pt\/1s\/2025\/03\/04600\/0000400007.pdf<\/a><\/p>\n<p><strong>Regulatory Decree no. 2\/2025, of March 6: <\/strong>Amends Regulatory Decree no. 3\/2024, of February 21, modifying the universe of the automatic declaration of personal income tax, with regard to the costs of remuneration for the provision of domestic work.<\/p>\n<p><a href=\"https:\/\/files.diariodarepublica.pt\/1s\/2025\/03\/04600\/0002300024.pdf\">https:\/\/files.diariodarepublica.pt\/1s\/2025\/03\/04600\/0002300024.pdf<\/a><\/p>\n<p><strong>Ordinance no. 86\/2025\/1, of March 6: <\/strong>Defines the rules applicable to the subject of Portuguese as a Non-Mother Tongue in secondary education and training programmes.<\/p>\n<p><a href=\"https:\/\/files.diariodarepublica.pt\/1s\/2025\/03\/04600\/0002500027.pdf\">https:\/\/files.diariodarepublica.pt\/1s\/2025\/03\/04600\/0002500027.pdf<\/a><\/p>\n<p><strong>Law no. 23\/2025, of March 7: <\/strong>It includes new psychoactive substances in the definition of drugs, amending Decree-Law no. 15\/93 of January 22, which approves the legal regime applicable to the trafficking and consumption of narcotics and psychotropic substances.<\/p>\n<p><a href=\"https:\/\/files.diariodarepublica.pt\/1s\/2025\/03\/04700\/0000200010.pdf\">https:\/\/files.diariodarepublica.pt\/1s\/2025\/03\/04700\/0000200010.pdf<\/a><\/p>\n<p><strong>Decree-Law no. 13-A\/2025, of March 10: <\/strong>Establishes the implementing rules for the 2025 State Budget.<\/p>\n<p><a href=\"https:\/\/files.diariodarepublica.pt\/1s\/2025\/03\/04801\/0000200089.pdf\">https:\/\/files.diariodarepublica.pt\/1s\/2025\/03\/04801\/0000200089.pdf<\/a><\/p>\n<p><strong>Law no. 24\/2025, of March 12: <\/strong>Amendment to the Highway Code, approved by Decree-Law no. 114\/94, of May 3.<\/p>\n<p><a href=\"https:\/\/files.diariodarepublica.pt\/1s\/2025\/03\/05000\/0000300004.pdf\">https:\/\/files.diariodarepublica.pt\/1s\/2025\/03\/05000\/0000300004.pdf<\/a><u> \u00a0<\/u><\/p>\n<p><strong>Law no. 25\/2025, of March 12: <\/strong>Amends the technical inspection regime for motor vehicles and their trailers, approved by Decree-Law no. 144\/2012, of July 11.<\/p>\n<p><a href=\"https:\/\/files.diariodarepublica.pt\/1s\/2025\/03\/05000\/0000500006.pdf\">https:\/\/files.diariodarepublica.pt\/1s\/2025\/03\/05000\/0000500006.pdf<\/a><\/p>\n<p><strong>Ordinance no. 95\/2025\/1, of March 12: <\/strong>Fourth amendment to Ordinance no. 121\/2021, of June 9, which regulates the electronic archiving of documents drawn up by a notary and other documents filed in notaries' offices, the permanent notarial certificate and the participation of acts by electronic means to the Central Registry Office.<\/p>\n<p><a href=\"https:\/\/files.diariodarepublica.pt\/1s\/2025\/03\/05000\/0000800009.pdf\">https:\/\/files.diariodarepublica.pt\/1s\/2025\/03\/05000\/0000800009.pdf<\/a><\/p>\n<p><strong>Law no. 25-A\/2025, of March 13: <\/strong>Replacement of parishes aggregated by Law no. 11-A\/2013, of January 28, concluding the special, simplified and transitional procedure for the creation of parishes provided for in Law no. 39\/2021, of June 24.<\/p>\n<p><a href=\"https:\/\/files.diariodarepublica.pt\/1s\/2025\/03\/05102\/0000200014.pdf\">https:\/\/files.diariodarepublica.pt\/1s\/2025\/03\/05102\/0000200014.pdf<\/a><\/p>\n<p><strong>Ordinance no. 111\/2025\/1, of March 14: <\/strong>Defines the list of probative means for the purpose of verifying the conditions for granting the residence supplement.<\/p>\n<p><a href=\"https:\/\/files.diariodarepublica.pt\/1s\/2025\/03\/05200\/0000700007.pdf\">https:\/\/files.diariodarepublica.pt\/1s\/2025\/03\/05200\/0000700007.pdf<\/a><\/p>\n<p><strong>Ordinance no. 112\/2025\/1, of March 14<\/strong>: Updates the amounts of family benefits for the year 2025.<\/p>\n<p><a href=\"https:\/\/files.diariodarepublica.pt\/1s\/2025\/03\/05200\/0000800010.pdf\">https:\/\/files.diariodarepublica.pt\/1s\/2025\/03\/05200\/0000800010.pdf<\/a><\/p>\n<p><strong>Ordinance no. 113\/2025\/1, of March 14<\/strong>: Updates the annual reference value of the basic component and the annual reference value of the social inclusion benefit supplement.<\/p>\n<p><a href=\"https:\/\/files.diariodarepublica.pt\/1s\/2025\/03\/05200\/0001100012.pdf\">https:\/\/files.diariodarepublica.pt\/1s\/2025\/03\/05200\/0001100012.pdf<\/a><\/p>\n<p><strong>Resolution of the Assembly of the Republic no. 74\/2025, of March 17: <\/strong>Recommends that the government finalise the revision of the Statute for Judicial Officials and enhance the career.<\/p>\n<p><a href=\"https:\/\/files.diariodarepublica.pt\/1s\/2025\/03\/05300\/0000700007.pdf\">https:\/\/files.diariodarepublica.pt\/1s\/2025\/03\/05300\/0000700007.pdf<\/a><\/p>\n<p><strong>Decree-Law no. 14\/2025, of March 17: <\/strong>Amends the General Regime for Credit Institutions and Financial Companies, ensuring the implementation of European Union regulations in the domestic legal order.<\/p>\n<p><a href=\"https:\/\/files.diariodarepublica.pt\/1s\/2025\/03\/05300\/0001000022.pdf\">https:\/\/files.diariodarepublica.pt\/1s\/2025\/03\/05300\/0001000022.pdf<\/a><\/p>\n<p><strong>Ordinance no. 118\/2025\/1, of March 17: <\/strong>Creates and regulates the Programa MAIS - Activation and Social Inclusion Measures.<\/p>\n<p><a href=\"https:\/\/files.diariodarepublica.pt\/1s\/2025\/03\/05300\/0039100400.pdf\">https:\/\/files.diariodarepublica.pt\/1s\/2025\/03\/05300\/0039100400.pdf<\/a><\/p>\n<p><strong>Decree-Law no. 16\/2025, of March 18: <\/strong>Amends Decree-Law no. 72\/2023, of August 23, and Law no. 3\/2015, of January 9, eliminating the obligation to carry out the simple execution operation prior to legal acts that affect non-registered buildings that have been in a deferred registration situation under the experimental land registry regime.<\/p>\n<p><a href=\"https:\/\/files.diariodarepublica.pt\/1s\/2025\/03\/05400\/0000600012.pdf\">https:\/\/files.diariodarepublica.pt\/1s\/2025\/03\/05400\/0000600012.pdf<\/a><\/p>\n<p><strong>Decree-Law no. 18\/2025, of March 18: <\/strong>Amends Decree-Law no. 26\/2024 of April 3, which creates and regulates the Plataforma RAL+.<\/p>\n<p><a href=\"https:\/\/files.diariodarepublica.pt\/1s\/2025\/03\/05400\/0001500016.pdf\">https:\/\/files.diariodarepublica.pt\/1s\/2025\/03\/05400\/0001500016.pdf<\/a><\/p>\n<p><strong>Decree-Law no. 19\/2025, of March 18: <\/strong>Amends Decree-Law no. 124\/2017, of September 27, which establishes and regulates the conditions for granting support to the actions of the associative movement of Portuguese communities.<\/p>\n<p><a href=\"https:\/\/files.diariodarepublica.pt\/1s\/2025\/03\/05400\/0001700027.pdf\">https:\/\/files.diariodarepublica.pt\/1s\/2025\/03\/05400\/0001700027.pdf<\/a><\/p>\n<p><strong>Decree-Law no. 21\/2025, of March 18: <\/strong>Approves the statute of the diplomatic career.<\/p>\n<p><a href=\"https:\/\/files.diariodarepublica.pt\/1s\/2025\/03\/05400\/0003100068.pdf\">https:\/\/files.diariodarepublica.pt\/1s\/2025\/03\/05400\/0003100068.pdf<\/a><\/p>\n<p><strong>Law no. 26\/2025, of March 19: <\/strong>Strengthens the penal framework for crimes of aggression against security forces and other public service agents, amending the Penal Code and the Procedural Costs Regulation.<\/p>\n<p><a href=\"https:\/\/files.diariodarepublica.pt\/1s\/2025\/03\/05500\/0000300006.pdf\">https:\/\/files.diariodarepublica.pt\/1s\/2025\/03\/05500\/0000300006.pdf<\/a><\/p>\n<p><strong>Decree-Law no. 22\/2025, of March 19: <\/strong>Transposes Directive (EU) 2022\/2557 on the identification, designation and resilience-building of critical entities.<\/p>\n<p><a href=\"https:\/\/files.diariodarepublica.pt\/1s\/2025\/03\/05500\/0000900038.pdf\">https:\/\/files.diariodarepublica.pt\/1s\/2025\/03\/05500\/0000900038.pdf<\/a><\/p>\n<p><strong>Decree-Law no. 24\/2025, of March 19: <\/strong>Amends Decree-Law no. 44\/2024, of July 10, extending the possibility of the State providing a personal guarantee with a view to enabling the granting of loans for own and permanent housing to young people up to the age of 35 to financial companies authorised to carry out credit operations for the purchase of housing in Portugal.<\/p>\n<p><a href=\"https:\/\/files.diariodarepublica.pt\/1s\/2025\/03\/05500\/0005100052.pdf\">https:\/\/files.diariodarepublica.pt\/1s\/2025\/03\/05500\/0005100052.pdf<\/a><\/p>\n<p><strong>Ordinance no. 119-B\/2025\/1, of March 19: <\/strong>Regulatory norms necessary for the distribution of the net results of the exploitation of social games allocated to the Ministry of Internal Affairs.<\/p>\n<p><a href=\"https:\/\/files.diariodarepublica.pt\/1s\/2025\/03\/05501\/0000400005.pdf\">https:\/\/files.diariodarepublica.pt\/1s\/2025\/03\/05501\/0000400005.pdf<\/a><\/p>\n<p><strong>Decree-Law no. 26\/2025, of March 20: <\/strong>Completes the transposition of Directive (EU) 2021\/2118 on compulsory motor third party liability insurance.<\/p>\n<p><a href=\"https:\/\/files.diariodarepublica.pt\/1s\/2025\/03\/05600\/0000800062.pdf\">https:\/\/files.diariodarepublica.pt\/1s\/2025\/03\/05600\/0000800062.pdf<\/a><\/p>\n<p><strong>Decree-Law no. 27\/2025, of March 20: <\/strong>Creates the special career of bailiff and the respective salary scale.<\/p>\n<p><a href=\"https:\/\/files.diariodarepublica.pt\/1s\/2025\/03\/05600\/0006300074.pdf\">https:\/\/files.diariodarepublica.pt\/1s\/2025\/03\/05600\/0006300074.pdf<\/a><\/p>\n<p><strong>Ordinance no. 121-B\/2025\/1, of March 20: <\/strong>Proceeds with the fourth amendment to Ordinance no. 97\/2015, of March 30, and extends the date concerning the obligation for last resort suppliers to supply natural gas to final customers with annual consumption of less than or equal to 10.000m3 who do not exercise the right to switch to a free market supplier.<\/p>\n<p><a href=\"https:\/\/files.diariodarepublica.pt\/1s\/2025\/03\/05601\/0008300084.pdf\">https:\/\/files.diariodarepublica.pt\/1s\/2025\/03\/05601\/0008300084.pdf<\/a><\/p>\n<p><strong>Decree-Law no. 33\/2025, of March 24:<\/strong> Partially transposes article 1 of Directive (EU) 2022\/542 with regard to value added tax rates, amending the VAT Code and the special regime for the taxation of second-hand goods, works of art, collectors' items and antiques.<\/p>\n<p><a href=\"https:\/\/files.diariodarepublica.pt\/1s\/2025\/03\/05800\/0001900024.pdf\">https:\/\/files.diariodarepublica.pt\/1s\/2025\/03\/05800\/0001900024.pdf<\/a><\/p>\n<p><strong>Decree-Law no. 34\/2025, of March 24: <\/strong>Increases the turnover threshold for access to the cash VAT regime.<\/p>\n<p><a href=\"https:\/\/files.diariodarepublica.pt\/1s\/2025\/03\/05800\/0002500026.pdf\">https:\/\/files.diariodarepublica.pt\/1s\/2025\/03\/05800\/0002500026.pdf<\/a><\/p>\n<p><strong>Decree-Law no. 35\/2025, of March 24: <\/strong>Partially transposes article 1 of Directive (EU) 2020\/285 and article 2 of Directive (EU) 2022\/542 as regards the value added tax exemption scheme applicable to small businesses.<\/p>\n<p><a href=\"https:\/\/files.diariodarepublica.pt\/1s\/2025\/03\/05800\/0002700042.pdf\">https:\/\/files.diariodarepublica.pt\/1s\/2025\/03\/05800\/0002700042.pdf<\/a><\/p>\n<p><strong>Decree-Law no. 37\/2025, of March 24: <\/strong>Excludes from the application of Part II of the Public Contracts Code the contracts to be signed by Banco Portugu\u00eas of Fomento as part of the transformation of its technological infrastructure.<\/p>\n<p><a href=\"https:\/\/files.diariodarepublica.pt\/1s\/2025\/03\/05800\/0004600047.pdf\">https:\/\/files.diariodarepublica.pt\/1s\/2025\/03\/05800\/0004600047.pdf<\/a><\/p>\n<p><strong>Ordinance no. 126\/2025\/1, of March 24: <\/strong>Amends Ordinance no. 301\/2015, of September 22, which sets the arbitration fee and the costs of the proceedings in the context of necessary arbitration, as well as the fees for individual acts.<\/p>\n<p><a href=\"https:\/\/files.diariodarepublica.pt\/1s\/2025\/03\/05800\/0004800049.pdf\">https:\/\/files.diariodarepublica.pt\/1s\/2025\/03\/05800\/0004800049.pdf<\/a><\/p>\n<p><strong>Ordinance no. 128\/2025\/1, of March 24: <\/strong>Establishes the regulatory rules governing the distribution of the net operating results of the social games allocated to the Ministry of Health in 2025.<\/p>\n<p><a href=\"https:\/\/files.diariodarepublica.pt\/1s\/2025\/03\/05800\/0005200053.pdf\">https:\/\/files.diariodarepublica.pt\/1s\/2025\/03\/05800\/0005200053.pdf<\/a><\/p>\n<p><strong>Decree-Law no. 40\/2025, of March 26: <\/strong>Amends Decree-Law no. 322\/90 of October 18, which defines and regulates protection in the event of the death of beneficiaries of the general social security system, and Decree-Law no. 187\/2007 of May 10, which defines and regulates the legal system of protection in the event of invalidity and old age of the general social security system.<\/p>\n<p><a href=\"https:\/\/files.diariodarepublica.pt\/1s\/2025\/03\/06000\/0000500007.pdf\">https:\/\/files.diariodarepublica.pt\/1s\/2025\/03\/06000\/0000500007.pdf<\/a><\/p>\n<p><strong>Decree-Law no. 49\/2025, of March 27: <\/strong>Approves tax simplification measures, namely amending the Tax Benefits Statute, the Tax Procedure and Process Code and other legislative acts.<\/p>\n<p><a href=\"https:\/\/files.diariodarepublica.pt\/1s\/2025\/03\/06100\/0003800062.pdf\">https:\/\/files.diariodarepublica.pt\/1s\/2025\/03\/06100\/0003800062.pdf<\/a><\/p>\n<p><strong>Law no. 32\/2025, of March 27: <\/strong>Promoting the rights of people with endometriosis or adenomyosis by strengthening their access to health care and creating a system of justified absences from work and classes by amending the Labour Code.<\/p>\n<p><a href=\"https:\/\/files.diariodarepublica.pt\/1s\/2025\/03\/06100\/0000800010.pdf\">https:\/\/files.diariodarepublica.pt\/1s\/2025\/03\/06100\/0000800010.pdf<\/a><\/p>\n<\/div><div id=\"pp\" class=\"x-text offset-anchor\" style=\"\" ><p><strong>III. Public Procurement<\/strong><sup>1<\/sup><\/p>\n<p><strong>Announcement no. 5361\/2025, of March 3: <\/strong>Construction of Buildings - Ferreira do Z\u00eazere Municipality - \u20ac2.622.882,19 (AcinGov)<\/p>\n<p><a href=\"https:\/\/files.diariodarepublica.pt\/cp_hora\/2025\/03\/043\/418747981.pdf\">https:\/\/files.diariodarepublica.pt\/cp_hora\/2025\/03\/043\/418747981.pdf<\/a><\/p>\n<p><strong>Announcement no. 5374\/2025, of March 3: <\/strong>Carteira of Seguros - Hor\u00e1rios do Funchal, Transportes P\u00fablicos, S.A. - \u20ac2.400.000,00 (AcinGov)<\/p>\n<p><a href=\"https:\/\/files.diariodarepublica.pt\/cp_hora\/2025\/03\/043\/418755595.pdf\">https:\/\/files.diariodarepublica.pt\/cp_hora\/2025\/03\/043\/418755595.pdf<\/a><\/p>\n<p><strong>Announcement no. 5391\/2025, of March 3: <\/strong>General contract for the conservation and restoration, requalification and moofrnisation of the S\u00e3o Carlos National Theatre - OPART - Organismo of Produ\u00e7\u00e3o Art\u00edstica, E.P.E. - \u20ac22.000.000,00 (Vortal)<\/p>\n<p><a href=\"https:\/\/files.diariodarepublica.pt\/cp_hora\/2025\/03\/043\/418755651.pdf\">https:\/\/files.diariodarepublica.pt\/cp_hora\/2025\/03\/043\/418755651.pdf<\/a><\/p>\n<p><strong>Announcement no. 5417\/2025, of March 3: <\/strong>Construction contract for the AMITEI cr\u00e8che - AMITEI - Marrazes Social Solidarity Association - \u20ac1.365.000,00 (AcinGov)<\/p>\n<p><a href=\"https:\/\/files.diariodarepublica.pt\/cp_hora\/2025\/03\/043\/418760154.pdf\">https:\/\/files.diariodarepublica.pt\/cp_hora\/2025\/03\/043\/418760154.pdf<\/a><\/p>\n<p><strong>Announcement no. 5458\/2025, of March 3<\/strong>: Rehabilitation of 30 Houses in the Brasil Neighbourhood - Vila Me\u00e3 Charity Association - \u20ac1.700.000,00 (AcinGov)<\/p>\n<p><a href=\"https:\/\/files.diariodarepublica.pt\/cp_hora\/2025\/03\/043\/418763379.pdf\">https:\/\/files.diariodarepublica.pt\/cp_hora\/2025\/03\/043\/418763379.pdf<\/a><\/p>\n<p><strong>Announcement no. 5476\/2025, of March 5: <\/strong>Contract for the Rehabilitation of the Municipal Road Network - 2nd phase - Municipality of Almeirim - \u20ac1.395.738,36 (AcinGov)<\/p>\n<p><a href=\"https:\/\/files.diariodarepublica.pt\/cp_hora\/2025\/03\/045\/418758665.pdf\">https:\/\/files.diariodarepublica.pt\/cp_hora\/2025\/03\/045\/418758665.pdf<\/a><\/p>\n<p><strong>Announcement no. 5484\/2025, of March 5: <\/strong>Public procurement with publication in the OJEU for the work \u2018Extension of the archaeological complex of Conimbriga - Expansion of the Conimbriga Monographic Museum and Wi-Fi coverage - Conofixa-a-Nova Municipality - \u20ac5.638.000,00 (Vortal)<\/p>\n<p><a href=\"https:\/\/files.diariodarepublica.pt\/cp_hora\/2025\/03\/045\/418753626.pdf\">https:\/\/files.diariodarepublica.pt\/cp_hora\/2025\/03\/045\/418753626.pdf<\/a><\/p>\n<p><strong>Announcement no. 5502\/2025, of March 5: <\/strong>Improvement and extension of the Town Hall Building - Municipality of Montalegre - \u20ac1.073.869,00 (ComprasPT)<\/p>\n<p><a href=\"https:\/\/files.diariodarepublica.pt\/cp_hora\/2025\/03\/045\/418757028.pdf\">https:\/\/files.diariodarepublica.pt\/cp_hora\/2025\/03\/045\/418757028.pdf<\/a><\/p>\n<p><strong>Announcement no. 5505\/2025, of March 5:<\/strong> Rehabilitation of four PSP Collective Housing Buildings in S\u00e3o Jo\u00e3o da Maofira - Municipality of S\u00e3o Jo\u00e3o da Maofira - \u20ac1.381.912,45 (Vortal)<\/p>\n<p><a href=\"https:\/\/files.diariodarepublica.pt\/cp_hora\/2025\/03\/045\/418764756.pdf\">https:\/\/files.diariodarepublica.pt\/cp_hora\/2025\/03\/045\/418764756.pdf<\/a><\/p>\n<p><strong>Announcement no. 5567\/2025, of March 5: <\/strong>Adaptation of the Exhibition Hall into a Citizen's Bureau - Municipality of S\u00e3o Jo\u00e3o da Pesqueira - \u20ac1.179.833,08 (AcinGov)<\/p>\n<p><a href=\"https:\/\/files.diariodarepublica.pt\/cp_hora\/2025\/03\/045\/418767104.pdf\">https:\/\/files.diariodarepublica.pt\/cp_hora\/2025\/03\/045\/418767104.pdf<\/a><\/p>\n<p><strong>Announcement no. 5569\/2025, of March 5: <\/strong>Construction of a Municipal Infrastructure for Cultural Support and Tourism - Municipality of S\u00e3o Jo\u00e3o da Pesqueira - \u20ac4.113.500,00 (Acingov)<\/p>\n<p><a href=\"https:\/\/files.diariodarepublica.pt\/cp_hora\/2025\/03\/045\/418765777.pdf\">https:\/\/files.diariodarepublica.pt\/cp_hora\/2025\/03\/045\/418765777.pdf<\/a><\/p>\n<p><strong>Announcement no. 5610\/2025, of March 6: <\/strong>Contract to upgrade the Innovation Centre of two ports unofr Project PRR-C05-I03-P-41 - National Institute for Agricultural and Veterinary Research, I. P. - \u20ac1.212.662,88 (AnoGov)<\/p>\n<p><a href=\"https:\/\/files.diariodarepublica.pt\/cp_hora\/2025\/03\/046\/418771195.pdf\">https:\/\/files.diariodarepublica.pt\/cp_hora\/2025\/03\/046\/418771195.pdf<\/a><\/p>\n<p><strong>Announcement no. 5646\/2025, of March 6: <\/strong>Construction of the New Health Unit - Pontinha - Municipality of Odivelas - \u20ac4.180.000,00 (Vortal)<\/p>\n<p><a href=\"https:\/\/files.diariodarepublica.pt\/cp_hora\/2025\/03\/046\/418762293.pdf\">https:\/\/files.diariodarepublica.pt\/cp_hora\/2025\/03\/046\/418762293.pdf<\/a><\/p>\n<p><strong>Announcement no. 5665\/2025, of March 6: <\/strong>Contract for the Cabeceiras of Basto Sports Centre (2025) - Municipality of Cabeceiras of Basto - \u20ac1.186.812,46 (Vortal)<\/p>\n<p><a href=\"https:\/\/files.diariodarepublica.pt\/cp_hora\/2025\/03\/046\/418772953.pdf\">https:\/\/files.diariodarepublica.pt\/cp_hora\/2025\/03\/046\/418772953.pdf<\/a><\/p>\n<p><strong>Announcement no. 5682\/2025, of March 6: <\/strong>Contract no. 13\/DMMC\/DHM\/DPH\/2022 - PIED Intervention Plan for dispersed buildings. Escadinhas of Santo Estev\u00e3o, no. 8 to 16 \/ Beco of Maria Guerra no. 3 \/ Rua of Santo Estev\u00e3o, no. 51 - Process no. 45\/CP\/DGES\/ND\/2024 - Municipality of Lisbon - \u20ac1.485.792,00 (AcinGov)<\/p>\n<p><a href=\"https:\/\/files.diariodarepublica.pt\/cp_hora\/2025\/03\/046\/418774443.pdf\">https:\/\/files.diariodarepublica.pt\/cp_hora\/2025\/03\/046\/418774443.pdf<\/a><\/p>\n<p><strong>Announcement no. 5706\/2025, of March 7: <\/strong>Contract for the Maintenance and Repair of Ruptures and Faults in the Santo Andr\u00e9 Water Distribution Network - \u00c1guas of Santo Andr\u00e9, S.A. - \u20ac2.300.000,00 (AcinGov)<\/p>\n<p><a href=\"https:\/\/files.diariodarepublica.pt\/cp_hora\/2025\/03\/047\/418769835.pdf\">https:\/\/files.diariodarepublica.pt\/cp_hora\/2025\/03\/047\/418769835.pdf<\/a><\/p>\n<p><strong>Announcement no. 5723\/2025, of March 7: <\/strong>Contract to upgrade the roof the Oeiras Innovation Centre under project PRR-C05-I03-P-50 - National Institute for Agricultural and Veterinary Research, I.P. - \u20ac5.185.200,37 (AnoGov)<\/p>\n<p><a href=\"https:\/\/files.diariodarepublica.pt\/cp_hora\/2025\/03\/047\/418777505.pdf\">https:\/\/files.diariodarepublica.pt\/cp_hora\/2025\/03\/047\/418777505.pdf<\/a><\/p>\n<p><strong>Announcement no. 5729\/2025, of March 7: <\/strong>Construction of the Gandra Urban Park - Municipality of Paredes - \u20ac2.355.815,15 (Vortal)<\/p>\n<p><a href=\"https:\/\/files.diariodarepublica.pt\/cp_hora\/2025\/03\/047\/418750629.pdf\">https:\/\/files.diariodarepublica.pt\/cp_hora\/2025\/03\/047\/418750629.pdf<\/a><\/p>\n<p><strong>Announcement no. 5740\/2025, of March 7: <\/strong>PRR.40.341.012.TF17_25 PM002\/VENDAS NOVAS - Vendas Novas Artillery Polygon - Rehabilitation of State Houses - Army General Staff - \u20ac1.000.000,00 (AcinGov)<\/p>\n<p><a href=\"https:\/\/files.diariodarepublica.pt\/cp_hora\/2025\/03\/047\/418777287.pdf\">https:\/\/files.diariodarepublica.pt\/cp_hora\/2025\/03\/047\/418777287.pdf<\/a><\/p>\n<p><strong>Announcement no. 5758\/2025, of March 7: <\/strong>Amendment and Extension of a Building for Higher Education Student Accommodation - Municipality of Guarda - \u20ac4.157.200,00 (Vortal)<\/p>\n<p><a href=\"https:\/\/files.diariodarepublica.pt\/cp_hora\/2025\/03\/047\/418779011.pdf\">https:\/\/files.diariodarepublica.pt\/cp_hora\/2025\/03\/047\/418779011.pdf<\/a><\/p>\n<p><strong>Announcement no. 5764\/2025, of March 7: <\/strong>06\/2025- \u201cExtension of the Santa Eul\u00e1lia Home\u201d - Municipality of Elvas - \u20ac1.184.549,84 (Vortal)<\/p>\n<p><a href=\"https:\/\/files.diariodarepublica.pt\/cp_hora\/2025\/03\/047\/418773528.pdf\">https:\/\/files.diariodarepublica.pt\/cp_hora\/2025\/03\/047\/418773528.pdf<\/a><\/p>\n<p><strong>Announcement no. 5787\/2025, of March 7: <\/strong>Rehabilitation and extension of the Health Centre of Valen\u00e7a - Municipality of Valen\u00e7a - \u20ac2.700.000,00 (Vortal)<\/p>\n<p><a href=\"https:\/\/files.diariodarepublica.pt\/cp_hora\/2025\/03\/047\/418779644.pdf\">https:\/\/files.diariodarepublica.pt\/cp_hora\/2025\/03\/047\/418779644.pdf<\/a><\/p>\n<p><strong>Announcement no. 5811\/2025, of March 7: <\/strong>Contract for the construction of UCCI, ERPI and SAD - CERCITOP - Cooperativa de Empreendedorismo para o desenvolvimento Econ\u00f3mico e Social de Todo o Pa\u00eds, Crl - \u20ac14.051.559,35 (Vortal)<\/p>\n<p><a href=\"https:\/\/files.diariodarepublica.pt\/cp_hora\/2025\/03\/047\/418768409.pdf\">https:\/\/files.diariodarepublica.pt\/cp_hora\/2025\/03\/047\/418768409.pdf<\/a><\/p>\n<p><strong>Announcement no. 5837\/2025, of March 10: <\/strong>Public Passenger Transport - Municipality of S\u00e3o Jo\u00e3o da Madeira - \u20ac1.750.000,00 (Vortal)<\/p>\n<p><a href=\"https:\/\/files.diariodarepublica.pt\/cp_hora\/2025\/03\/048\/418769673.pdf\">https:\/\/files.diariodarepublica.pt\/cp_hora\/2025\/03\/048\/418769673.pdf<\/a><\/p>\n<p><strong>Announcement no. 5857\/2025, of March 10: <\/strong>Construction \/ refurbishment of the Andaluz residence - Polytechnic Institute of Santar\u00e9m - Central Services - \u20ac1.750.000,00 (AcinGov)<\/p>\n<p><a href=\"https:\/\/files.diariodarepublica.pt\/cp_hora\/2025\/03\/048\/418774013.pdf\">https:\/\/files.diariodarepublica.pt\/cp_hora\/2025\/03\/048\/418774013.pdf<\/a><\/p>\n<p><strong>Announcement no. 5874\/2025, of March 10: <\/strong>Announcement of procurement no. 5874\/2025, of March 10 - LOGISLINK - Terminal Log\u00edstica, Lda. - \u20ac13.900.000,00 (AcinGov)<\/p>\n<p><a href=\"https:\/\/files.diariodarepublica.pt\/cp_hora\/2025\/03\/048\/418767859.pdf\">https:\/\/files.diariodarepublica.pt\/cp_hora\/2025\/03\/048\/418767859.pdf<\/a><\/p>\n<p><strong>Announcement no. 5918\/2025, of March 10<\/strong>: Requalification of the EB2 School of Pinhel - Municipality of Pinhel - \u20ac6.035.000,00 (Vortal)<\/p>\n<p><a href=\"https:\/\/files.diariodarepublica.pt\/cp_hora\/2025\/03\/048\/418773228.pdf\">https:\/\/files.diariodarepublica.pt\/cp_hora\/2025\/03\/048\/418773228.pdf<\/a><\/p>\n<p><strong>Announcement no. 5938\/2025, of March 10: <\/strong>Contract for the Requalification of the Building at Rua Direita 83-89 Em Viseu - Viseu Novo, SRU - Sociedade de Reabilita\u00e7\u00e3o Urbana de Viseu, S.A. - \u20ac1.275.000,00 (AcinGov)<\/p>\n<p><a href=\"https:\/\/files.diariodarepublica.pt\/cp_hora\/2025\/03\/048\/418783604.pdf\">https:\/\/files.diariodarepublica.pt\/cp_hora\/2025\/03\/048\/418783604.pdf<\/a><\/p>\n<p><strong>Announcement no. 5939\/2025, of March 10: <\/strong>Contract for the Requalification of the Municipality Builiding at Rua Silva Gaio 45-53 \u2013 Viseu - Viseu Novo, SRU - Sociedade de Reabilita\u00e7\u00e3o Urbana de Viseu, S.A.<strong> - <\/strong>\u20ac1.701.000,57 (AcinGov)<\/p>\n<p><a href=\"https:\/\/files.diariodarepublica.pt\/cp_hora\/2025\/03\/048\/418783653.pdf\">https:\/\/files.diariodarepublica.pt\/cp_hora\/2025\/03\/048\/418783653.pdf<\/a><\/p>\n<p><strong>Announcement no. 5940\/2025, of March 10:<\/strong> Improvement and Requalification of Rua da Igreja Bunheiro &amp; Pavimenta\u00e7\u00e3o de Arruamentos in the Municipality of Murtosa - February 2025 - Municipality of Murtosa - \u20ac1.074.903,46 (AcinGov)<\/p>\n<p><a href=\"https:\/\/files.diariodarepublica.pt\/cp_hora\/2025\/03\/048\/418781303.pdf\">https:\/\/files.diariodarepublica.pt\/cp_hora\/2025\/03\/048\/418781303.pdf<\/a><\/p>\n<p><strong>Announcement no. 5945\/2025, of March 10: <\/strong>CP000725_Contract of pavement improvement and maintenance - Cascais Pr\u00f3xima - Gest\u00e3o of Mobilidade, Espa\u00e7os Urbanos e Energias, E.M., S.A. - \u20ac2.100.000,00 (AcinGov)<\/p>\n<p><a href=\"https:\/\/files.diariodarepublica.pt\/cp_hora\/2025\/03\/048\/418785468.pdf\">https:\/\/files.diariodarepublica.pt\/cp_hora\/2025\/03\/048\/418785468.pdf<\/a><\/p>\n<p><strong>Announcement no. 5972\/2025, of March 10: <\/strong>Contract to upgrade the Fonte Boa Innovation Centre under project PRR-C05-I03-P-46 - Instituto Nacional de Investiga\u00e7\u00e3o Agr\u00e1ria e Veterin\u00e1ria, I.P. - \u20ac1.423.661,39 (AnoGov)<\/p>\n<p><a href=\"https:\/\/files.diariodarepublica.pt\/cp_hora\/2025\/03\/048\/418787039.pdf\">https:\/\/files.diariodarepublica.pt\/cp_hora\/2025\/03\/048\/418787039.pdf<\/a><\/p>\n<p><strong>Announcement no. 5979\/2025, of March 10: <\/strong>Rehabilitation of 51 homes in the Mata Velha Social Housing Estate in Loivo - Vila Nova of Cerveira Municipality - \u20ac5.480.509,00 (Vortal)<\/p>\n<p><a href=\"https:\/\/files.diariodarepublica.pt\/cp_hora\/2025\/03\/048\/418787858.pdf\">https:\/\/files.diariodarepublica.pt\/cp_hora\/2025\/03\/048\/418787858.pdf<\/a><\/p>\n<p><strong>Announcement no. 6010\/2025, of March 10<\/strong>: 33\/2025_CP_E Requalification and Expansion of the Caminha Health Centre - Municipality of Caminha - \u20ac1.495.361,25 (AcinGov)<\/p>\n<p><a href=\"https:\/\/files.diariodarepublica.pt\/cp_hora\/2025\/03\/048\/418777895.pdf\">https:\/\/files.diariodarepublica.pt\/cp_hora\/2025\/03\/048\/418777895.pdf<\/a><\/p>\n<p><strong>Announcement no. 6066\/2025, of March 11: <\/strong>Requalification of the Padre Jos\u00e9 Augusto da Fonseca Primary and Secondary School (including the Sports Pavilion) - Municipality of Aguiar da Beira - \u20ac5.333.199,32 (AcinGov)<\/p>\n<p><a href=\"https:\/\/files.diariodarepublica.pt\/cp_hora\/2025\/03\/049\/418784877.pdf\">https:\/\/files.diariodarepublica.pt\/cp_hora\/2025\/03\/049\/418784877.pdf<\/a><\/p>\n<p><strong>Announcement no. 6134\/2025, of March 11: <\/strong>Construction of the Mesio Health Unit - Municipality of Lousada - \u20ac2.736.051,82 (Vortal)<\/p>\n<p><a href=\"https:\/\/files.diariodarepublica.pt\/cp_hora\/2025\/03\/049\/418790943.pdf\">https:\/\/files.diariodarepublica.pt\/cp_hora\/2025\/03\/049\/418790943.pdf<\/a><\/p>\n<p><strong>Announcement no. 6136\/2025, of March 11:<\/strong> Adaptation of the Old Fire Brigade Building into a Support Centre for Young People and Citizens - Vila Nova de Cerveira Municipality - \u20ac1.400.000,00 (Vortal)<\/p>\n<p><a href=\"https:\/\/files.diariodarepublica.pt\/cp_hora\/2025\/03\/049\/418795211.pdf\">https:\/\/files.diariodarepublica.pt\/cp_hora\/2025\/03\/049\/418795211.pdf<\/a><\/p>\n<p><strong>Announcement no. 6140\/2025, of March 11: <\/strong>Contract for Optimisation and upgrading of the Machico Funchal Adductor System (PRR P10) - ARM - \u00c1guas e Res\u00edduos da Madeira, S.A. - \u20ac1.900.000,00 (AcinGov)<\/p>\n<p><a href=\"https:\/\/files.diariodarepublica.pt\/cp_hora\/2025\/03\/049\/418794183.pdf\">https:\/\/files.diariodarepublica.pt\/cp_hora\/2025\/03\/049\/418794183.pdf<\/a><\/p>\n<p><strong>Announcement no. 6149\/2025, of March 11: <\/strong>Contract for the \" Construction of the Pl\u00e1tanos Street Housing Complex\" (EM.001.2025.022) - CMPH Empresa of Habita\u00e7\u00e3o e Manuten\u00e7\u00e3o do Munic\u00edpio do Porto, E.M. - \u20ac1.750.000,00 (AcinGov)<\/p>\n<p><a href=\"https:\/\/files.diariodarepublica.pt\/cp_hora\/2025\/03\/049\/418793098.pdf\">https:\/\/files.diariodarepublica.pt\/cp_hora\/2025\/03\/049\/418793098.pdf<\/a><\/p>\n<p><strong>Announcement no. 6181\/2025, of March 11: <\/strong>E.CP\/16\/2025 \u2013 Construction of the New Pai\u00e3o Family Health Unit - Works - Figueira da Foz Municipality - \u20ac1.382.420,39 (Vortal)<\/p>\n<p><a href=\"https:\/\/files.diariodarepublica.pt\/cp_hora\/2025\/03\/049\/418795699.pdf\">https:\/\/files.diariodarepublica.pt\/cp_hora\/2025\/03\/049\/418795699.pdf<\/a><\/p>\n<p><strong>Announcement no. 6183\/2025, of March 11: <\/strong>E.CP.15\/2025 \u2013 Construction of the New Bom Sucesso Family Health Unit - Works - Figueira da Foz Municipality - \u20ac1.092.959,04 (Vortal)<\/p>\n<p><a href=\"https:\/\/files.diariodarepublica.pt\/cp_hora\/2025\/03\/049\/418795203.pdf\">https:\/\/files.diariodarepublica.pt\/cp_hora\/2025\/03\/049\/418795203.pdf<\/a><\/p>\n<p><strong>Announcement no. 6245\/2025, of March 12: <\/strong>Contract for the Curative Maintenance of AdVT Buildings and Infrastructures (Civil Construction Area), by Lots - \u00c1guas do Vale do Tejo, S. A. - \u20ac4.200.000,00 (AcinGov)<\/p>\n<p><a href=\"https:\/\/files.diariodarepublica.pt\/cp_hora\/2025\/03\/050\/418738163.pdf\">https:\/\/files.diariodarepublica.pt\/cp_hora\/2025\/03\/050\/418738163.pdf<\/a><\/p>\n<p><strong>Announcement no. 6292\/2025, of March 12<\/strong>: Installation \/ Upgrading \/ Replacement \/ Extension of the Public Water Supply and Wastewater Drainage Network - Municipality of Miranda do Corvo - \u20ac1.562.053,00 (AcinGov)<\/p>\n<p><a href=\"https:\/\/files.diariodarepublica.pt\/cp_hora\/2025\/03\/050\/418799254.pdf\">https:\/\/files.diariodarepublica.pt\/cp_hora\/2025\/03\/050\/418799254.pdf<\/a><\/p>\n<p><strong>Announcement no. 6328\/2025, of March 12: <\/strong>Contract for \"Local Housing Strategy: construction of 7 dwellings at Rua Alberto Valente, Lote 82 in \u00c1guas of Moura (acquired lot)\", under the design-build regime, pursuant to article 2-A of Law no. 30\/2021. - Palmela Town Council - \u20ac1.267.924,53 (Vortal)<\/p>\n<p><a href=\"https:\/\/files.diariodarepublica.pt\/cp_hora\/2025\/03\/050\/418789697.pdf\">https:\/\/files.diariodarepublica.pt\/cp_hora\/2025\/03\/050\/418789697.pdf<\/a><\/p>\n<p><strong>Announcement no. 6339\/2025, of March 12: <\/strong>Refurbishment of the Diretoria do Norte, Dic of Aveiro and Dic of Leiria buildings - PRR | Environmental Fund - Pol\u00edcia Judici\u00e1ria - \u20ac3.390.711,10 (Vortal)<\/p>\n<p><a href=\"https:\/\/files.diariodarepublica.pt\/cp_hora\/2025\/03\/050\/418803546.pdf\">https:\/\/files.diariodarepublica.pt\/cp_hora\/2025\/03\/050\/418803546.pdf<\/a><\/p>\n<p><strong>Announcement no. 6347\/2025, of March 12: <\/strong>Local Housing Strategy - Construction of 25 dwellings - Carrazeda de Ansi\u00e3es - GROU - Municipality of Carrazeda of Ansi\u00e3es - \u20ac3.627.600,66 (Vortal)<\/p>\n<p><a href=\"https:\/\/files.diariodarepublica.pt\/cp_hora\/2025\/03\/050\/418804915.pdf\">https:\/\/files.diariodarepublica.pt\/cp_hora\/2025\/03\/050\/418804915.pdf<\/a><\/p>\n<p><strong>Announcement no. 6364\/2025, of March 13: <\/strong>ID 925 PRR - Rainha Dona Leonor Museum - Contract for the conservation and restoration of the heritage on display at the Rainha Dona Leonor Museum - Patrim\u00f3nio Cultural, I.P. - \u20ac1.205.000,00 (AcinGov)<\/p>\n<p><a href=\"https:\/\/files.diariodarepublica.pt\/cp_hora\/2025\/03\/051\/418805069.pdf\">https:\/\/files.diariodarepublica.pt\/cp_hora\/2025\/03\/051\/418805069.pdf<\/a><\/p>\n<p><strong>Announcement no. 6392\/2025, of March 13: <\/strong>Design-Construction of Buildings for Affordable Housing in the Municipality of Carregal do Sal - Municipality of Carregal do Sal - \u20ac10.769.000,00 (AcinGov)<\/p>\n<p><a href=\"https:\/\/files.diariodarepublica.pt\/cp_hora\/2025\/03\/051\/418785921.pdf\">https:\/\/files.diariodarepublica.pt\/cp_hora\/2025\/03\/051\/418785921.pdf<\/a><\/p>\n<p><strong>Announcement no. 6446\/2025, of March 13: <\/strong>Refurbishment of the Montalegre Multipurpose Centre - Municipality of Montalegre - \u20ac1.641.117,96 (ComprasPT)<\/p>\n<p><a href=\"https:\/\/files.diariodarepublica.pt\/cp_hora\/2025\/03\/051\/418805296.pdf\">https:\/\/files.diariodarepublica.pt\/cp_hora\/2025\/03\/051\/418805296.pdf<\/a><\/p>\n<p><strong>Announcement no. 6456\/2025, of March 13: <\/strong>Rehabilitation of the Paredes of Coura Health Centre - Municipality of Paredes de Coura - \u20ac1.375.912,37 (Vortal)<\/p>\n<p><a href=\"https:\/\/files.diariodarepublica.pt\/cp_hora\/2025\/03\/051\/418810439.pdf\">https:\/\/files.diariodarepublica.pt\/cp_hora\/2025\/03\/051\/418810439.pdf<\/a><\/p>\n<p><strong>Announcement no. 6508\/2025, of March 14: <\/strong>Rehabilitation of the Old Printing House Building - Souto Grande - Construction of 7 Housing Units - Municipality of Manteigas - \u20ac1.119.375,00 (Vortal)<\/p>\n<p><a href=\"https:\/\/files.diariodarepublica.pt\/cp_hora\/2025\/03\/052\/418809249.pdf\">https:\/\/files.diariodarepublica.pt\/cp_hora\/2025\/03\/052\/418809249.pdf<\/a><\/p>\n<p><strong>Announcement no. 6528\/2025, of March 14: <\/strong>Construction \/ remodelling of the S. Pedro residence - Instituto Polit\u00e9cnico of Santar\u00e9m \u2013 Central Services - \u20ac1.300.000,00 (AcinGov)<\/p>\n<p><a href=\"https:\/\/files.diariodarepublica.pt\/cp_hora\/2025\/03\/052\/418801018.pdf\">https:\/\/files.diariodarepublica.pt\/cp_hora\/2025\/03\/052\/418801018.pdf<\/a><\/p>\n<p><strong>Announcement no. 6541\/2025, of March 14: <\/strong>Urbanisation Works for the Sabugal Business Location Zone - Sabugal Municipality - \u20ac1.138.546,86 (Vortal)<\/p>\n<p><a href=\"https:\/\/files.diariodarepublica.pt\/cp_hora\/2025\/03\/052\/418730208.pdf\">https:\/\/files.diariodarepublica.pt\/cp_hora\/2025\/03\/052\/418730208.pdf<\/a><\/p>\n<p><strong>Announcement no. 6546\/2025, of March 14: <\/strong>Construction of 28 dwellings - Rua Est\u00e1cio da Veiga, Bairro Pontal, Portim\u00e3o - Municipality of Portim\u00e3o - \u20ac4.200.000,00 (AcinGov)<\/p>\n<p><a href=\"https:\/\/files.diariodarepublica.pt\/cp_hora\/2025\/03\/052\/418805369.pdf\">https:\/\/files.diariodarepublica.pt\/cp_hora\/2025\/03\/052\/418805369.pdf<\/a><\/p>\n<p><strong>Announcement no. 6566\/2025, of March 14: <\/strong>Requalification of the Building Complex in the Historic Center (10 dwellings) (Rua Santa Maria, Travessa do Teatro and Rua Major de Sousa Machado) - Affordable Rent - PRR (1st Right) - Municipality of Chaves - \u20ac1.767.184,29 (Vortal)<\/p>\n<p><a href=\"https:\/\/files.diariodarepublica.pt\/cp_hora\/2025\/03\/052\/418813655.pdf\">https:\/\/files.diariodarepublica.pt\/cp_hora\/2025\/03\/052\/418813655.pdf<\/a><\/p>\n<p><strong>Announcement no. 6591\/2025, of March 14: <\/strong>School EB 2,3 Dr. Jos\u00e9 Santos Bessa - Adaptation\/Remodeling Works - Municipality of Montemor-o-Velho - \u20ac3.900.000,00 (AcinGov)<\/p>\n<p><a href=\"https:\/\/files.diariodarepublica.pt\/cp_hora\/2025\/03\/052\/418815575.pdf\">https:\/\/files.diariodarepublica.pt\/cp_hora\/2025\/03\/052\/418815575.pdf<\/a><\/p>\n<p><strong>Announcement no. 6608\/2025, of March 14: <\/strong>Construction of a building for Collaborative and Community Housing, in the parish of Penafiel, municipality of Penafiel - Associa\u00e7\u00e3o das Obras Sociais de S\u00e3o Vicente de Paulo - \u20ac1.886.681,65 (AcinGov)<\/p>\n<p><a href=\"https:\/\/files.diariodarepublica.pt\/cp_hora\/2025\/03\/052\/418816385.pdf\">https:\/\/files.diariodarepublica.pt\/cp_hora\/2025\/03\/052\/418816385.pdf<\/a><\/p>\n<p><strong>Announcement no. 6669\/2025, of March 17: <\/strong>Insurance services - Municipality of Porto - \u20ac1.937.907,51 (AcinGov)<\/p>\n<p><a href=\"https:\/\/files.diariodarepublica.pt\/cp_hora\/2025\/03\/053\/418811021.pdf\">https:\/\/files.diariodarepublica.pt\/cp_hora\/2025\/03\/053\/418811021.pdf<\/a><\/p>\n<p><strong>Announcement no. 6674\/2025, of March 17: <\/strong>2025_011CP - Health Insurance Contract and Acquisition of Brokerage Services for \u00c1guas of Portugal Group Companies - AdP - \u00c1guas of Portugal, SGPS, S.A - \u20ac2.564.579,21 (AcinGov)<\/p>\n<p><a href=\"https:\/\/files.diariodarepublica.pt\/cp_hora\/2025\/03\/053\/418812731.pdf\">https:\/\/files.diariodarepublica.pt\/cp_hora\/2025\/03\/053\/418812731.pdf<\/a><\/p>\n<p><strong>Announcement no. 6675\/2025, of March 17: <\/strong>2025_012CP - Health Insurance Contract and Acquisition of Brokerage Services for \u00c1guas of Portugal Group Companies - AdP - \u00c1guas of Portugal, SGPS, S.A - \u20ac2.791.563,18 (AcinGov)<\/p>\n<p><a href=\"https:\/\/files.diariodarepublica.pt\/cp_hora\/2025\/03\/053\/418813022.pdf\">https:\/\/files.diariodarepublica.pt\/cp_hora\/2025\/03\/053\/418813022.pdf<\/a><\/p>\n<p><strong>Announcement no. 6739\/2025, of March 17: <\/strong>Affordable Housing Construction \u2013 Baltar - Municipality of Paredes - \u20ac2.632.916,45 (Vortal)<\/p>\n<p><a href=\"https:\/\/files.diariodarepublica.pt\/cp_hora\/2025\/03\/053\/418787752.pdf\">https:\/\/files.diariodarepublica.pt\/cp_hora\/2025\/03\/053\/418787752.pdf<\/a><\/p>\n<p><strong>Announcement no. 6817\/2025, of March 18: <\/strong>Contract for the maintenance of track and station infrastructures for the Mondego Mobility System - Metro Mondego, S.A. - \u20ac1.516.684,58 (AcinGov)<\/p>\n<p><a href=\"https:\/\/files.diariodarepublica.pt\/cp_hora\/2025\/03\/054\/418824477.pdf\">https:\/\/files.diariodarepublica.pt\/cp_hora\/2025\/03\/054\/418824477.pdf<\/a><\/p>\n<p><strong>Announcement no. 6859\/2025, of March 18: <\/strong>Contract of Rehabilitation of the Tapada da Ajuda AgriHub Pavilions - Tapada da Ajuda Innovation Hub - Directorate-General for Agriculture and Rural Development - \u20ac1.605.403,00 (AnoGov)<\/p>\n<p><a href=\"https:\/\/files.diariodarepublica.pt\/cp_hora\/2025\/03\/054\/418827669.pdf\">https:\/\/files.diariodarepublica.pt\/cp_hora\/2025\/03\/054\/418827669.pdf<\/a><\/p>\n<p><strong>Announcement no. 6866\/2025, of March 18: <\/strong>PO 561\/2025 - Rehabilitation of the Cine-Teatro Alameda - Municipality of Arcos de Valdevez - \u20ac2.611.096,71 (Vortal)<\/p>\n<p><a href=\"https:\/\/files.diariodarepublica.pt\/cp_hora\/2025\/03\/054\/418825887.pdf\">https:\/\/files.diariodarepublica.pt\/cp_hora\/2025\/03\/054\/418825887.pdf<\/a><\/p>\n<p><strong>Announcement no. 6899\/2025, of March 18: <\/strong>Contract for the execution of the Health Unit of Runa - Municipality of Torres Vedras - \u20ac2.500.000,00 (AcinGov)<\/p>\n<p><a href=\"https:\/\/files.diariodarepublica.pt\/cp_hora\/2025\/03\/054\/418829572.pdf\">https:\/\/files.diariodarepublica.pt\/cp_hora\/2025\/03\/054\/418829572.pdf<\/a><\/p>\n<p><strong>Announcement no. 6921\/2025, of March 19: <\/strong>P039\/2025 - Expansion and Upgrading of the Our\u00e9m Health Center (15345\/2025) - Municipality of Our\u00e9m - \u20ac2.822.289,91 (AcinGov)<\/p>\n<p><a href=\"https:\/\/files.diariodarepublica.pt\/cp_hora\/2025\/03\/055\/418827109.pdf\">https:\/\/files.diariodarepublica.pt\/cp_hora\/2025\/03\/055\/418827109.pdf<\/a><\/p>\n<p><strong>Announcement no. 6934\/2025, of March 19: <\/strong>Contract to renovate Citeforma's headquarters, under the scope of the PRR - Citeforma-C.Form.P.T.E.C.Servi\u00e7os - \u20ac1.422.000,00 (Vortal)<\/p>\n<p><a href=\"https:\/\/files.diariodarepublica.pt\/cp_hora\/2025\/03\/055\/418829978.pdf\">https:\/\/files.diariodarepublica.pt\/cp_hora\/2025\/03\/055\/418829978.pdf<\/a><\/p>\n<p><strong>Announcement no. 6965\/2025, of March 19:<\/strong> Construction of 12 affordable housing units \u2013 Municipality of Vila Nova de Paiva - \u20ac1.348.521,00 (AcinGov)<\/p>\n<p><a href=\"https:\/\/files.diariodarepublica.pt\/cp_hora\/2025\/03\/055\/418833087.pdf\">https:\/\/files.diariodarepublica.pt\/cp_hora\/2025\/03\/055\/418833087.pdf<\/a><\/p>\n<p><strong>Announcement no. 6999\/2025, of March 19: <\/strong>Contract for \u201cRehabilitation of the RIII Reservoir, Torraltinha\u201d- Municipality of Lagos - \u20ac2.650.000,00 (Vortal)<\/p>\n<p><a href=\"https:\/\/files.diariodarepublica.pt\/cp_hora\/2025\/03\/055\/418832577.pdf\">https:\/\/files.diariodarepublica.pt\/cp_hora\/2025\/03\/055\/418832577.pdf<\/a><\/p>\n<p><strong>Announcement no. 7040\/2025, of March 19: <\/strong>Urban rehabilitation of the town of Ma\u00e7\u00e3o - 2nd Procedure - Municipality of Ma\u00e7\u00e3o - \u20ac4.185.318,85 (AcinGov)<\/p>\n<p><a href=\"https:\/\/files.diariodarepublica.pt\/cp_hora\/2025\/03\/055\/418835696.pdf\">https:\/\/files.diariodarepublica.pt\/cp_hora\/2025\/03\/055\/418835696.pdf<\/a><\/p>\n<p><strong>Announcement no. 7041\/2025, of March 19: <\/strong>Construction of 12 new homes - Santo Ant\u00f3nio Urbanization - Municipality of Ma\u00e7\u00e3o - \u20ac1.235.903,14 (AcinGov)<\/p>\n<p><a href=\"https:\/\/files.diariodarepublica.pt\/cp_hora\/2025\/03\/055\/418835963.pdf\">https:\/\/files.diariodarepublica.pt\/cp_hora\/2025\/03\/055\/418835963.pdf<\/a><\/p>\n<p><strong>Announcement no. 7062\/2025, of March 20: <\/strong>Construction Contract for Multifamily Housing Buildings in Cal\u00e7o da M\u00e1 Cara, S\u00e3o Sebasti\u00e3o - Municipality of Ponta Delgada - \u20ac2.063.500,00 (Vortal)<\/p>\n<p><a href=\"https:\/\/files.diariodarepublica.pt\/cp_hora\/2025\/03\/056\/418801034.pdf\">https:\/\/files.diariodarepublica.pt\/cp_hora\/2025\/03\/056\/418801034.pdf<\/a><\/p>\n<p><strong>Announcement no. 7063\/2025, of March 20: <\/strong>Local Housing Strategy - 5th phase - Lot 1 - construction of a collective housing building, to be built on Rua da Tintureira, in the village of S\u00e3o Martinho de Anta (10 units); Lot 2 - rehabilitation of 4 houses located in Bairro Jo\u00e3o Paulo II, in the village of Sabrosa - Municipality of Sabrosa - \u20ac1.350.000,00 (AcinGov)<\/p>\n<p><a href=\"https:\/\/files.diariodarepublica.pt\/cp_hora\/2025\/03\/056\/418836635.pdf\">https:\/\/files.diariodarepublica.pt\/cp_hora\/2025\/03\/056\/418836635.pdf<\/a><\/p>\n<p><strong>Announcement no. 7065\/2025, of March 20: <\/strong>Contract for the 2nd Expansion of the Manuel Louren\u00e7o Ferreira Industrial Park \u2013 Municipality of Mort\u00e1gua - \u20ac3.917.638,96 (Vortal)<\/p>\n<p><a href=\"https:\/\/files.diariodarepublica.pt\/cp_hora\/2025\/03\/056\/418834075.pdf\">https:\/\/files.diariodarepublica.pt\/cp_hora\/2025\/03\/056\/418834075.pdf<\/a><\/p>\n<p><strong>Announcement no. 7086\/2025, of March 20: <\/strong>Construction Contract for the New Residence of Pombal, of the Polytechnic Institute of Leiria, within the scope of the PRR PNAES - Instituto Polit\u00e9cnico de Leiria - \u20ac1.958.053,48 (AcinGov)<\/p>\n<p><a href=\"https:\/\/files.diariodarepublica.pt\/cp_hora\/2025\/03\/056\/418838903.pdf\">https:\/\/files.diariodarepublica.pt\/cp_hora\/2025\/03\/056\/418838903.pdf<\/a><\/p>\n<p><strong>Announcement no. 7115\/2025, of March 20: <\/strong>Construction contract for UCCI, ERPI and SAD - CERCITOP - Cooperativa de Empreendedorismo Para o Desenvolvimento Econ\u00f3mico e Social de Todo o Pa\u00eds, Crl - \u20ac14.051.559,35 (Vortal)<\/p>\n<p><a href=\"https:\/\/files.diariodarepublica.pt\/cp_hora\/2025\/03\/056\/418826664.pdf\">https:\/\/files.diariodarepublica.pt\/cp_hora\/2025\/03\/056\/418826664.pdf<\/a><\/p>\n<p><strong>Announcement no. 7158\/2025, of March 20: <\/strong>Contract for the Upgrading and Expansion of the ERPI and Day Care Center - O Roseiral - Santa Casa da Miseric\u00f3rdia de Albufeira - \u20ac4.200.000,00 (ComprasPT)<\/p>\n<p><a href=\"https:\/\/files.diariodarepublica.pt\/cp_hora\/2025\/03\/056\/418840944.pdf\">https:\/\/files.diariodarepublica.pt\/cp_hora\/2025\/03\/056\/418840944.pdf<\/a><\/p>\n<p><strong>Announcement no. 7169\/2025, of March 20: <\/strong>Extension and renovation of EB1 Santa Comba\/Real for JI+EB - Municipality of Amarante - \u20ac1.758.500,00 (AcinGov)<\/p>\n<p><a href=\"https:\/\/files.diariodarepublica.pt\/cp_hora\/2025\/03\/056\/418840888.pdf\">https:\/\/files.diariodarepublica.pt\/cp_hora\/2025\/03\/056\/418840888.pdf<\/a><\/p>\n<p><strong>Announcement no. 7175\/2025, of March 20: <\/strong>Rehabilitation of the old Municipal Assembly building, providing it with the conditions for museum conservation and restoration work - Municipality of Vila Franca de Xira - \u20ac1.250.000,00 (AnoGov)<\/p>\n<p><a href=\"https:\/\/files.diariodarepublica.pt\/cp_hora\/2025\/03\/056\/418827547.pdf\">https:\/\/files.diariodarepublica.pt\/cp_hora\/2025\/03\/056\/418827547.pdf<\/a><\/p>\n<p><strong>Announcement no. 7186\/2025, of March 20: <\/strong>Renovation and extension of the Lamego Museum - Municipality of Lamego - \u20ac1.700.000,00 (AcinGov)<\/p>\n<p><a href=\"https:\/\/files.diariodarepublica.pt\/cp_hora\/2025\/03\/056\/418832958.pdf\">https:\/\/files.diariodarepublica.pt\/cp_hora\/2025\/03\/056\/418832958.pdf<\/a><\/p>\n<p><strong>Announcement no. 7200\/2025, of March 20: <\/strong>Barrocal Neighborhood Requalification Contract - Municipality of M\u00eada - \u20ac1.658.864,06 (AnoGov)<\/p>\n<p><a href=\"https:\/\/files.diariodarepublica.pt\/cp_hora\/2025\/03\/056\/418840774.pdf\">https:\/\/files.diariodarepublica.pt\/cp_hora\/2025\/03\/056\/418840774.pdf<\/a><\/p>\n<p><strong>Announcement no. 7229\/2025, of March 21: <\/strong>Construction contract for the new building of the Knowledge Production and Dissemination Center of the Instituto Polit\u00e9cnico de Tomar - Instituto Polit\u00e9cnico de Tomar - \u20ac1.800.000,00 (AcinGov)<\/p>\n<p><a href=\"https:\/\/files.diariodarepublica.pt\/cp_hora\/2025\/03\/057\/418842823.pdf\">https:\/\/files.diariodarepublica.pt\/cp_hora\/2025\/03\/057\/418842823.pdf<\/a><\/p>\n<p><strong>Announcement no. 7243\/2025, of March 21: <\/strong>Contract for the Rehabilitation of the Guimar\u00e3es Volunteer Fire Brigade Swimming Pool Building - Associa\u00e7\u00e3o Humanit\u00e1ria dos Bombeiros Volunt\u00e1rios of Guimar\u00e3es - \u20ac1.700.000,00 (Vortal)<\/p>\n<p><a href=\"https:\/\/files.diariodarepublica.pt\/cp_hora\/2025\/03\/057\/418844476.pdf\">https:\/\/files.diariodarepublica.pt\/cp_hora\/2025\/03\/057\/418844476.pdf<\/a><\/p>\n<p><strong>Announcement no. 7262\/2025, of March 21: <\/strong>Renovation and Improvement of the Lima de Faria Secondary School, by Contract: Renovation and modernization of the Lima of Faria Secondary School in Cantanhede \u2013 2nd Phase - CP-CCP-EMP no. 08\/2025 - Municipality of Cantanhede<strong> - <\/strong>\u20ac3.230.239,70 (Vortal)<\/p>\n<p><a href=\"https:\/\/files.diariodarepublica.pt\/cp_hora\/2025\/03\/057\/418841916.pdf\">https:\/\/files.diariodarepublica.pt\/cp_hora\/2025\/03\/057\/418841916.pdf<\/a><\/p>\n<p><strong>Announcement no. 7271\/2025, of March 21: <\/strong>Construction of 204 Homes - Coca Maravilhas Neighborhood - Municipality of Portim\u00e3o - \u20ac26.543.421,14 (AcinGov)<\/p>\n<p><a href=\"https:\/\/files.diariodarepublica.pt\/cp_hora\/2025\/03\/057\/418821528.pdf\">https:\/\/files.diariodarepublica.pt\/cp_hora\/2025\/03\/057\/418821528.pdf<\/a><\/p>\n<p><strong>Announcement no. 7276\/2025, of March 21: <\/strong>Contract for the Adaptation and Rehabilitation of Buildings M and N of the IPT Campus, for the installation of the Tomar Innovation and Knowledge Enhancement Center - Instituto Polit\u00e9cnico de Tomar - \u20ac1.938.150,00 (AcinGov)<\/p>\n<p><a href=\"https:\/\/files.diariodarepublica.pt\/cp_hora\/2025\/03\/057\/418842815.pdf\">https:\/\/files.diariodarepublica.pt\/cp_hora\/2025\/03\/057\/418842815.pdf<\/a><\/p>\n<p><strong>Announcement no. 7306\/2025, of March 21: <\/strong>CP no. 10\/2025 - Contract for Renovation of Student Residence - Residence 45 - University of Beira Interior - \u20ac1.635.000,00 (AcinGov)<\/p>\n<p><a href=\"https:\/\/files.diariodarepublica.pt\/cp_hora\/2025\/03\/057\/418845983.pdf\">https:\/\/files.diariodarepublica.pt\/cp_hora\/2025\/03\/057\/418845983.pdf<\/a><\/p>\n<p><strong>Announcement no. 7314\/2025, of March 21: <\/strong>Construction of two-family houses on the Quinta das Pretas-Verride plot (18 dwellings) - Municipality of Montemor-o-Velho - \u20ac2.319.739,11 (AcinGov)<\/p>\n<p><a href=\"https:\/\/files.diariodarepublica.pt\/cp_hora\/2025\/03\/057\/418845018.pdf\">https:\/\/files.diariodarepublica.pt\/cp_hora\/2025\/03\/057\/418845018.pdf<\/a><\/p>\n<p><strong>Announcement no. 7320\/2025, of March 21: <\/strong>2024\/CP\/009 - Contract to Renovate the ESA Residence at IPVC - Instituto Polit\u00e9cnico de Viana do Castelo - \u20ac1.387.925,44 (AcinGov)<\/p>\n<p><a href=\"https:\/\/files.diariodarepublica.pt\/cp_hora\/2025\/03\/057\/418844176.pdf\">https:\/\/files.diariodarepublica.pt\/cp_hora\/2025\/03\/057\/418844176.pdf<\/a><\/p>\n<p><strong>Announcement no. 7321\/2025, of March 21: <\/strong>Concession of the public service of regular collective road passenger transportation on the island of S\u00e3o Miguel - Fundo Regional dos Transportes Terrestres, I.P.R.A. - \u20ac64.545.885,00 (AcinGov)<\/p>\n<p><a href=\"https:\/\/files.diariodarepublica.pt\/cp_hora\/2025\/03\/057\/418833298.pdf\">https:\/\/files.diariodarepublica.pt\/cp_hora\/2025\/03\/057\/418833298.pdf<\/a><\/p>\n<p><strong>Announcement no. 7336\/2025, of March 21: <\/strong>Contract for \u201cConstruction of 8 dwellings in Rua Capit\u00e3o Salgueiro Maia, Lote 43 - Valbom, Alcochete under the 1st Right Program, of the Recovery and Resilience Plan (PRR)\u201d - Alcochete City Council Direito Program, of the Recovery and Resilience Plan (PRR) \" - Alcochete City Council - \u20ac1.633.365,84 (Vortal)<\/p>\n<p><a href=\"https:\/\/files.diariodarepublica.pt\/cp_hora\/2025\/03\/057\/418848583.pdf\">https:\/\/files.diariodarepublica.pt\/cp_hora\/2025\/03\/057\/418848583.pdf<\/a><\/p>\n<p><strong>Announcement no. 7407\/2025, of March 24: <\/strong>25.OFX.49 - Purchase of solid waste transportation services - Tratolixo - Tratamento de Res\u00edduos S\u00f3lidos, E. I. M. - Empresa Intermunicipal, S.A. - \u20ac1.500.000,00 (Vortal)<\/p>\n<p><a href=\"https:\/\/files.diariodarepublica.pt\/cp_hora\/2025\/03\/058\/418839851.pdf\">https:\/\/files.diariodarepublica.pt\/cp_hora\/2025\/03\/058\/418839851.pdf<\/a><\/p>\n<p><strong>Announcement no. 7446\/2025, of March 24: <\/strong>REHABILITATION OF THE AFONSO COSTA NEIGHBOURHOOD - Municipality of Set\u00fabal - \u20ac24.420.276,09 (AcinGov)<\/p>\n<p><a href=\"https:\/\/files.diariodarepublica.pt\/cp_hora\/2025\/03\/058\/418845975.pdf\">https:\/\/files.diariodarepublica.pt\/cp_hora\/2025\/03\/058\/418845975.pdf<\/a><\/p>\n<p><strong>Announcement no. 7451\/2025, of March 24: <\/strong>LICENSING MAINTENANCE AND SUPPORT SERVICES SAP - EDA - Electricidade dos A\u00e7ores, S.A. - \u20ac2.820.000,00 (Vortal)<\/p>\n<p><a href=\"https:\/\/files.diariodarepublica.pt\/cp_hora\/2025\/03\/058\/418848697.pdf\">https:\/\/files.diariodarepublica.pt\/cp_hora\/2025\/03\/058\/418848697.pdf<\/a><\/p>\n<p><strong>Announcement no. 7484\/2025, of March 24: <\/strong>Contract 2024_17_DIT(DOM) School Centre of Santa Maria - Refurbishment and Extension of the EB1 Basic School and Kindergarten Phase 2 - Municipality of Torres Novas - \u20ac3.758.755,15 (AcinGov)<\/p>\n<p><a href=\"https:\/\/files.diariodarepublica.pt\/cp_hora\/2025\/03\/058\/418848291.pdf\">https:\/\/files.diariodarepublica.pt\/cp_hora\/2025\/03\/058\/418848291.pdf<\/a><\/p>\n<p><strong>Announcement no. 7527\/2025, of March 24: <\/strong>CONTRACT OF CONCEPTION - CONSTRUCTION OF 24 BUILDINGS (ON PLOTS 42 TO 53) AND ADJACENT STREET TO THE SOUTH, OF THE MUNICIPAL PLOT OF CHINICATO - COOPERATIVE OF ECONOMIC HOUSING LAC\u00d3BRIGA - Municipality of Lagos - \u20ac4.300.000,00 (Vortal)<\/p>\n<p><a href=\"https:\/\/files.diariodarepublica.pt\/cp_hora\/2025\/03\/058\/418849799.pdf\">https:\/\/files.diariodarepublica.pt\/cp_hora\/2025\/03\/058\/418849799.pdf<\/a><\/p>\n<p><strong>Announcement no. 7554\/2025, of March 24: <\/strong>Contract for Repairing the North Jetty of Barra do Douro and the Touro Jetty - APDL - Administra\u00e7\u00e3o dos Portos do Douro, Leix\u00f5es e Viana do Castelo, S. A. - \u20ac4.000.000,00 (Vortal)<\/p>\n<p><a href=\"https:\/\/files.diariodarepublica.pt\/cp_hora\/2025\/03\/058\/418856626.pdf\">https:\/\/files.diariodarepublica.pt\/cp_hora\/2025\/03\/058\/418856626.pdf<\/a><\/p>\n<\/div><div id=\"ju1\" class=\"x-text offset-anchor\" style=\"\" ><p><strong>IV. CASE-LAW<\/strong><\/p>\n<p><strong>IV.1. Court of Justice of the European Union<\/strong><\/p>\n<p><strong>Judgement of the Court (Ninth Chamber), March 27, Case no. C<\/strong><strong>\u2011<\/strong><strong>57\/24: <\/strong>Reference for a preliminary ruling. Judicial cooperation in civil matters. Measures relating to the law on succession. Regulation (EU) No 650\/2012. Article 13. Jurisdiction of the court of the place of the habitual residence of the heir. Late declaration of waiver of the succession of a deceased person, who habitually resided in a Member State, by an heir, who habitually resides in another Member State.<\/p>\n<p><strong><u>Summary:<\/u><\/strong><\/p>\n<p><em>\u201cArticle 13 of Regulation (EU) No 650\/2012 of the European Parliament and of the Council of 4 July 2012 on jurisdiction, applicable law, recognition and enforcement of decisions and acceptance and enforcement of authentic instruments in matters of succession and on the creation of a European Certificate of Succession must be interpreted as meaning that:<\/em><\/p>\n<p><em>- the courts of the Member State in which a person habitually resides who applies to be freed from the legal consequences of failing to make a declaration of waiver of a succession, within the required period, do not have jurisdiction to approve such an application.\u201d<\/em><\/p>\n<p><a href=\"https:\/\/eur-lex.europa.eu\/legal-content\/EN\/TXT\/HTML\/?uri=CELEX:62024CJ0057&amp;qid=1744111220450\">https:\/\/eur-lex.europa.eu\/legal-content\/EN\/TXT\/HTML\/?uri=CELEX:62024CJ0057&amp;qid=1744111220450<\/a><\/p>\n<p><strong>Judgement of the Court Tribunal of Justi\u00e7a (Eighth Chamber), March 27, Case no. C<\/strong><strong>\u2011<\/strong><strong>67\/24: <\/strong>Reference for a preliminary ruling. Area of freedom, security and justice. Judicial cooperation in civil matters. Jurisdiction in matters relating to maintenance obligations. Regulation (EC) No 4\/2009. Maintenance allowances set by a decision of a court of a third State. Maintenance creditors residing in that third State and holding either the nationality of that third State alone or the nationality of that third State and of a Member State. Maintenance debtor, a national of that Member State and habitually resident in that Member State. Application to modify that decision made by that maintenance debtor to a court of that Member State. Determination of the court with jurisdiction.<\/p>\n<p><strong><u>Summary<\/u><\/strong>:<\/p>\n<p><em>\u201c1) Article 1(1) of Council Regulation (EC) No 4\/2009 of 18 December 2008 on jurisdiction, applicable law, recognition and enforcement of decisions and cooperation in matters relating to maintenance obligations, read in the light of recital 15 of that regulation, must be interpreted as meaning that:<\/em><\/p>\n<p><em>- an application to modify a decision on maintenance obligations given by a court of a third State other than a State which is a contracting party to the Convention on the International Recovery of Child Support and Other Forms of Family Maintenance, concluded in The Hague on 23 November 2007, falls within the scope of that regulation where it seeks, on the one hand, a reduction of the amount of a maintenance allowance and, on the other, termination of the obligations in question and is brought before a court of a Member State by the maintenance debtor, a national of that Member State and habitually residing in the territory of that Member State, against the maintenance creditors, who habitually reside in the territory of that third State, of whom one is a national only of that third State and the others are nationals of that State and of the Member State in question.<\/em><\/p>\n<p><em>2) Article 6 of Regulation No 4\/2009 must be interpreted as meaning that:<\/em><\/p>\n<p><em>- the rule whereby the courts of the Member State of the common nationality of the parties has subsidiary jurisdiction applies where, in addition to the nationality of the Member State of the court seised, the defendants hold the nationality of a third State.<\/em><\/p>\n<p><em>3) Article 7 of Regulation No 4\/2009 must be interpreted as meaning that:<\/em><\/p>\n<p><em>- a situation in which an application to modify a decision on maintenance obligations given by a court of a third State other than a State which is a contracting party to the Convention on the International Recovery of Child Support and Other Forms of Family Maintenance, concluded in The Hague on 23 November 2007, seeking termination of the obligations concerned, is brought before a court of a Member State by the maintenance debtor, a national of that Member State and habitually resident in the territory of that Member State, against the maintenance creditor, a national of that third State and habitually resident in the territory of that third State, falls within the concept of \u2018an exceptional basis\u2019 for the purposes of that article, with the effect that a court of a Member State can hear a dispute pursuant to the rule on the jurisdiction of the forum necessitatis laid down in that article, provided that no such application could reasonably be brought, or the related procedure be conducted, or would be impossible before the courts of the third State concerned.\u201d<\/em><\/p>\n<p>\u00a0<a href=\"https:\/\/eur-lex.europa.eu\/legal-content\/EN\/TXT\/HTML\/?uri=CELEX:62024CJ0067&amp;qid=1744111525924\">https:\/\/eur-lex.europa.eu\/legal-content\/EN\/TXT\/HTML\/?uri=CELEX:62024CJ0067&amp;qid=1744111525924<\/a><\/p>\n<\/div><div id=\"ju2\" class=\"x-text offset-anchor\" style=\"\" ><p><strong>IV.2. Constitutional Court<\/strong><\/p>\n<p><strong>Judgement of the Constitutional Court no. 260\/2025, of March 20, Case no. 1085\/2024:<\/strong><\/p>\n<p><em>\u201cIn these terms and on these grounds, it is decided:<\/em><\/p>\n<p><em>a) To declare unconstitutional, for violation of article 59(1)(f) of the Constitution, the rule in article 40(3) of Decree-Law no. 503\/99, of November 20, interpreted to mean that there is an absolutely preclusive period of 10 years, counted from the date of the initial establishment of the pension, for the review of the pension due to the injured party due to an accident in service, in cases where there have been pension updates since the initial establishment of the pension and the end of this 10-year period, because the change in the earning capacity of the injured party has been demonstrated; and, consequently,<\/em><\/p>\n<p><em>b) To dismiss the appeal filed by the Public Prosecutor's Office.\u201d<\/em><\/p>\n<p><a href=\"https:\/\/www.tribunalconstitucional.pt\/tc\/acordaos\/20250260.html\">https:\/\/www.tribunalconstitucional.pt\/tc\/acordaos\/20250260.html<\/a><\/p>\n<p><strong>Judgement of the Constitutional Court no. 253\/2025, of March 20, Case no. 220\/2024:<\/strong><\/p>\n<p><em>\u201cIn these terms and on these grounds, it is decided:<\/em><\/p>\n<p><em>\u00a0\u201ca) To declare unconstitutional the rule contained in article 2(b) of the CESE legal regime (approved by article 228 of the Law no. 83-C\/2013, of December 31), the validity of which was extended to 2019 by article 313 of Law no. 71\/2018, of December 31, in the part in which it determines that the tax is levied on the value of the assets referred to in article 3(1), of subjects that own power plants using renewable sources licensed under Decree-Law no. 172\/2006, of August 23, that have a production licence and have been considered in a position to be authorised for entry into operation; b) Not to declare unconstitutional the rule resulting from articles 313(2) of Law no. 71\/2018, of 31 December, and article 4(a) of the CESE legal regime (in the version of Law no. 71\/2018, of 31 December), which eliminated the exemption that was provided for the production of electricity through power plants using renewable energy sources covered by guaranteed remuneration schemes; (...)\u201d.<\/em><\/p>\n<p><a href=\"https:\/\/www.tribunalconstitucional.pt\/tc\/acordaos\/20250253.html\">https:\/\/www.tribunalconstitucional.pt\/tc\/acordaos\/20250253.html<\/a><\/p>\n<\/div><div id=\"ju3\" class=\"x-text offset-anchor\" style=\"\" ><p><strong>IV.3. Judicial Courts<\/strong><\/p>\n<p><strong>Judgement of the Supreme Court of Justice, of March 27, Case no. 2151\/22.1T8PRT-A.P1.S2: <\/strong>Execution for Payment of a Certain Amount. Mortgage enforcement. Autonomous fraction. Urban Building. Indivisibility. Horizontal Property. Cancellation. Divisibility. Interpretation of the Negotiated Declaration. Supplementary Standard. Quantification Criteria. Allowance. Creditor. Claimant. Burden of Proof.<\/p>\n<p><strong><u>Summary:<\/u><\/strong><\/p>\n<p><em>\"I. A mortgage constituted on specific buildings, to guarantee a loan granted to finance the construction of an urban development, extends to the urban buildings that will be built and their respective autonomous fractions, once horizontal property has been established, and is enforceable against their purchasers.<\/em><\/p>\n<p><em>II: In a mortgage contractually constituted as divisible, without this constitution having been accompanied or followed by the establishment of the criterion of divisibility, what is reasonable to understand is that the hypothetical will of the parties would be that the fractions of the buildings that were built would proportionally guarantee the debt protected by the mortgage; that this proportion should be measured in relation to the initial debt, therefore; that, however, having been partially amortized, the fractions still encumbered do not guarantee either an amount greater than that which they were entitled to, or that which is still owed.<\/em><\/p>\n<p><em>III. If the mortgage is on a single building constituted as horizontal property, the proportion must correspond to the permilage defined in the constitutive title, although the mortgagee is entitled to promote the valuation of the fractions.<\/em><\/p>\n<p><em>IV. In the case of autonomous fractions in different buildings, this proportion must be measured as if it were a single building, in order to find the permilage they would have in it.<\/em><\/p>\n<p><em>V. This is the only way to guarantee respect for the divisibility of the mortgage and to reconcile the protection of the mortgage creditor with that of the purchasers of the autonomous units, bearing in mind that the (global) mortgage was registered when they acquired them<\/em><\/p>\n<p><em>VI. If it is not proven that the mortgagee accepted the indication of the amount guaranteed for each fraction contained in the corresponding purchase and sale document, this indication does not bind him.<\/em><\/p>\n<p><em>VII. It is up to the mortgage creditor who initiates a foreclosure against the owner of fractions of one of the urban buildings that are still encumbered by the mortgage, against which a motion to stay the foreclosure is filed opposing divisibility, the burden of proving the elements on which the application of the divisibility criterion depends, since, in the context of the motion to stay, they play the role of constitutive facts of the creditor's claim.\"<\/em><\/p>\n<p><a href=\"https:\/\/www.dgsi.pt\/jstj.nsf\/954f0ce6ad9dd8b980256b5f003fa814\/31162533df7214c980258c5a0059b34b?OpenDocument\">https:\/\/www.dgsi.pt\/jstj.nsf\/954f0ce6ad9dd8b980256b5f003fa814\/31162533df7214c980258c5a0059b34b?OpenDocument<\/a><\/p>\n<p><strong>Judgement of the Supreme Court of Justice, of March 12, Case no. 13884\/23.5T8LSB.L1.S1: <\/strong>Professional Category.<\/p>\n<p><strong><u>Summary<\/u><\/strong>:<\/p>\n<p><em>\"I - It is up to the parties to define the activity for which the worker is hired, either directly or by reference to a category included in the applicable collective labor regulation instrument or in the company's internal regulations.<\/em><\/p>\n<p><em>II - The contracted activity includes functions that are related or functionally linked to it, for which the worker is suitably qualified and which do not imply professional devaluation.<\/em><\/p>\n<p><em>III - The professional category of the worker is determined by the duties actually performed and not by the nomen iuris given to it by the employer.\"<\/em><\/p>\n<p><a href=\"https:\/\/www.dgsi.pt\/jstj.nsf\/954f0ce6ad9dd8b980256b5f003fa814\/abfed5296919a1c380258c4c00308c87?OpenDocument\">https:\/\/www.dgsi.pt\/jstj.nsf\/954f0ce6ad9dd8b980256b5f003fa814\/abfed5296919a1c380258c4c00308c87?OpenDocument<\/a><\/p>\n<p><strong>Judgement of the Lisboa Court of Appeals, of March 12, Case no. 447\/24.7T8LSB-A.L1-4:<\/strong> Limitation period. Non-Compete Agreement. Employment Agreement.<\/p>\n<p><strong><u>Summary<\/u><\/strong>:<\/p>\n<p><em>\u201c\u201cThe limitation period for claims arising from the subsequent breach of a non-competition agreement does not begin to run from the termination of the employment contract or from the beginning of that breach.\u201d<\/em><\/p>\n<p><a href=\"https:\/\/www.dgsi.pt\/jtrl.nsf\/33182fc732316039802565fa00497eec\/eba7d671043a0d8f80258c57005c1346?OpenDocument\">https:\/\/www.dgsi.pt\/jtrl.nsf\/33182fc732316039802565fa00497eec\/eba7d671043a0d8f80258c57005c1346?OpenDocument<\/a><\/p>\n<p><strong>\u00a0<\/strong><\/p>\n<\/div><div id=\"ju4\" class=\"x-text offset-anchor\" style=\"\" ><p><strong>IV.4. Administrative and Tax Courts<\/strong><\/p>\n<p><strong>Judgement of the Supreme Administrative Court, of March 12, Case no. 01757\/16.2BELRS:<\/strong> Stamp duty. Exemption. Venture Capital Company.<\/p>\n<p><strong><u>Summary:<\/u><\/strong><\/p>\n<p><em>\u201cI - With Law 150\/99, of 11\/09, Stamp Duty changed its essential nature from being a tax on documents to being a real tax levied on transactions which, regardless of how they materialize, reveal income or wealth. In some cases it is levied on expenditure, in others on income, and in still others on assets, a situation that inevitably introduces an element that disturbs the coherence of the tax and, therefore, an added challenge for the interpreter. In its current form, stamp duty is configured as a means of reaching manifestations of contributory capacity not covered by the rules of incidence of any other taxes, thus tending to assume a residual function.<\/em><\/p>\n<p><em>II - The applicant was a venture capital company (SCR), in view of the provisions of articles 1(a), 6(1) and 8, all of Decree-Law 375\/2007 of 8 November (which has since been repealed by Law 18\/2015 of 4 March), the object of which was to make investments in venture capital. Essentially, VCCs are commercial companies set up in the same way as public limited companies, with the aim of financing new companies by participating in their capital. Venture capital represents an investment operation, with the aim of benefiting from the increase in value of the company in which it has a stake.<\/em><\/p>\n<p><em>III - The exemption provided for in article 7(1)(e) of the Stamp Duty Code, as amended by Law 107-B\/2003 of 31 December, exempts financing from payment of stamp duty, as well as interest, commissions and guarantees associated with credit operations (financial operations stricto sensu), between financial entities and\/or in favor of SCRs. In practical terms, this exemption covers operations that fall under the rules of incidence set out in TGIS sections 10 and 17.\"<\/em><\/p>\n<p><a href=\"https:\/\/www.dgsi.pt\/jsta.nsf\/35fbbbf22e1bb1e680256f8e003ea931\/007f4f426359cd9680258c500037cd8d?OpenDocument\">https:\/\/www.dgsi.pt\/jsta.nsf\/35fbbbf22e1bb1e680256f8e003ea931\/007f4f426359cd9680258c500037cd8d?OpenDocument<\/a><\/p>\n<p><strong>Judgement of the Southern Central Administrative Court, of 20 of March, Case no. 197\/19.6BECTB:<\/strong> IRS. Real Estate Capital Gains. Transitional Regime. Public Deed. Full proof.<\/p>\n<p><strong><u>Summary<\/u><\/strong>:<\/p>\n<p><em>\"I - An authentic document provides full proof of the facts referred to as having been practiced by the documentor, that is, of the facts that are attested to in it on the basis of his own perceptions, but it does not guarantee the veracity of the statements that the grantors make to the documentor; it only guarantees that they have made them.<\/em><\/p>\n<p><em>II- The fact that the sale of real estate is not subject to capital gains taxation depends on whether or not the moment of its acquisition (by the seller) precedes the entry into force of the IRS Code.<\/em><\/p>\n<p><em>III- If the right of ownership over a share of the building sold came into the taxpayer's legal sphere through the acquisition of a share of a building that was part of it, which took place after the IRS Code came into force, the sale of the property is subject to capital gains tax on that share.\"<\/em><\/p>\n<p><a href=\"https:\/\/www.dgsi.pt\/jtca.nsf\/170589492546a7fb802575c3004c6d7d\/63f664d1bb34f10980258c590052901a?OpenDocument\">https:\/\/www.dgsi.pt\/jtca.nsf\/170589492546a7fb802575c3004c6d7d\/63f664d1bb34f10980258c590052901a?OpenDocument<\/a><\/p>\n<\/div><\/div><\/div><div id=\"\" class=\"x-container ju4 max width\" style=\"margin: 0px auto;padding: 0px;\" ><\/div><\/div><div id=\"br\" class=\"x-section offset-anchor\" style=\"margin: 0px;padding: 0 0px 0px; background-color: transparent;\" ><div id=\"\" class=\"x-container br1 max width\" style=\"margin: 0px auto;padding: 0px;\" ><div  class=\"x-column x-sm x-1-1\" style=\"padding: 0px;\" ><div id=\"br1\" class=\"x-text\" style=\"\" ><p><strong>V. BRIEFS<br \/>\n<\/strong><strong>V.1. DOCTRINE<br \/>\n<\/strong><strong>V.1.1.\u00a0 <\/strong><strong>Monographs and Periodicals<\/strong><\/p>\n<p>Jos\u00e9 Gon\u00e7alves Machado, <em>Manual de Contratos Civis<\/em>, Almedina, March 2025.<\/p>\n<p>Henrique Sousa Antunes, <em>A Responsabilidade Civil Extracontratual Aplic\u00e1vel \u00e0 Intelig\u00eancia Artificial<\/em>, Almedina, March 2025.<\/p>\n<p>Gustavo Lopes Courinha, <em>Manual do Imposto sobre o Rendimento das Pessoas Coletiva<\/em>s, March 2025.<\/p>\n<p>Isa Ant\u00f3nio, <em>Colet\u00e2nea de Legisla\u00e7\u00e3o Essencial de Direito Administrativo<\/em>, March 2025.<\/p>\n<p>Jo\u00e3o Augusto Sarmento Ribeiro de Carvalho, Jo\u00e3o Salazar, <em>Manual das Contraordena\u00e7\u00f5es e o Regime de Trabalho Dom\u00e9stico<\/em>, March 2025.<\/p>\n<p>Alexandre de Soveral Martins, <em>Os Grupos de Sociedades, a Recupera\u00e7\u00e3o de Empresas e a Insolv\u00eancia<\/em>, March 2025.<\/p>\n<\/div><\/div><\/div><div id=\"\" class=\"x-container br11 max width\" style=\"margin: 0px auto;padding: 0px;\" ><div  class=\"x-column x-sm x-1-1\" style=\"padding: 0px;\" ><div id=\"br12\" class=\"x-text offset-anchor\" style=\"\" ><p><strong>IV.1.2.\u00a0<\/strong><strong>Generic Guidelines &amp; Cia<br \/>\n<\/strong><\/p>\n<p><strong>Circular Letter No.: 25061\/2025, of March 25, by Order of the Deputy Director General of the Value Added Tax Area<\/strong><\/p>\n<p><strong>Subject: <\/strong>VAT \u2013 Changes to the cash VAT regime.<\/p>\n<p><a href=\"https:\/\/info.portaldasfinancas.gov.pt\/pt\/informacao_fiscal\/legislacao\/instrucoes_administrativas\/Documents\/Oficio_circulado_25061.pdf\">https:\/\/info.portaldasfinancas.gov.pt\/pt\/informacao_fiscal\/legislacao\/instrucoes_administrativas\/Documents\/Oficio_circulado_25061.pdf<\/a><\/p>\n<p><strong>Circular Letter No.:25062\/2025, of March 26, by Order of the Deputy Director General of the Value Added Tax Area<\/strong><\/p>\n<p><strong>Subject: <\/strong>VAT \u2013 Special exemption regime applicable to taxable persons established in national territory.<\/p>\n<p><a href=\"https:\/\/info.portaldasfinancas.gov.pt\/pt\/informacao_fiscal\/legislacao\/instrucoes_administrativas\/Documents\/Oficio_circulado_25062_2025.pdf\">https:\/\/info.portaldasfinancas.gov.pt\/pt\/informacao_fiscal\/legislacao\/instrucoes_administrativas\/Documents\/Oficio_circulado_25062_2025.pdf<\/a><\/p>\n<p><strong>Circular Letter No.:25063\/2025, of March 27, by Order of the Deputy Director General of the Value Added Tax Area<\/strong><\/p>\n<p><strong>Subject: <\/strong>VAT \u2013 Special tax regime for second-hand goods, art objects, collectors' items and antiques.<\/p>\n<p><a href=\"https:\/\/info.portaldasfinancas.gov.pt\/pt\/informacao_fiscal\/legislacao\/instrucoes_administrativas\/Documents\/Oficio_circulado_25063_2025.pdf\">https:\/\/info.portaldasfinancas.gov.pt\/pt\/informacao_fiscal\/legislacao\/instrucoes_administrativas\/Documents\/Oficio_circulado_25063_2025.pdf<\/a><\/p>\n<p><strong>Circular Letter No.:25064\/2025, of March 27, by Order of the Deputy Director General of the Value Added Tax Area<\/strong><\/p>\n<p><strong>Subject: <\/strong>VAT \u2013 Provision of cultural, artistic, sporting, scientific, educational, recreational and similar services - rules for locating operations.<\/p>\n<p><a href=\"https:\/\/info.portaldasfinancas.gov.pt\/pt\/informacao_fiscal\/legislacao\/instrucoes_administrativas\/Documents\/Oficio_circulado_25064_2025.pdf\">https:\/\/info.portaldasfinancas.gov.pt\/pt\/informacao_fiscal\/legislacao\/instrucoes_administrativas\/Documents\/Oficio_circulado_25064_2025.pdf<\/a><\/p>\n<\/div><\/div><\/div><div id=\"\" class=\"x-container br2 max width\" style=\"margin: 0px auto;padding: 0px;\" ><div  class=\"x-column x-sm x-1-1\" style=\"padding: 0px;\" ><div id=\"br2\" class=\"x-text offset-anchor\" style=\"\" ><p><strong>V.2. Miscellaneous<br \/>\n<\/strong><strong>V.2.1. Economy, Finance and Taxation<\/strong><\/p>\n<p>The Council of Ministers, meeting on March 27, approved:<\/p>\n<ul>\n<li>A Decree-Law amending the Public Contracts Code which, in compliance with a European directive on limits to subcontracting, allows the contract to require certain critical contractual services to be performed directly by the co-contractor, taking into account the subject matter of the contract to be concluded.<\/li>\n<\/ul>\n<p><a href=\"https:\/\/www.portugal.gov.pt\/pt\/gc24\/governo\/comunicado-do-conselho-de-ministros?i=666\">https:\/\/www.portugal.gov.pt\/pt\/gc24\/governo\/comunicado-do-conselho-of-ministros?i=666<\/a><\/p>\n<p><strong>\u00a0<\/strong><\/p>\n<p>The Council of Ministers, meeting on March 10, approved:<\/p>\n<ul>\n<li>A law amending the cash VAT regime, increasing the eligibility of this regime to cover a wider range of taxable persons;<\/li>\n<li>A law to partially transpose the framework of EU regulations on VAT exemption for small businesses, extending the conditions for access to the regime, simplifying compliance with tax obligations for the taxpayers concerned and allowing small national businesses access to exemption regimes in other EU Member States, thus boosting their internationalization;<\/li>\n<li>A law that partially transposes into Portuguese tax law Council Directive (EU) 2022\/542 of April 5, 2022, amending Directives 2006\/112\/EC and (EU) 2020\/285 with regard to value added tax (VAT) rates, amending the VAT Code and the special scheme for the taxation of second-hand goods, works of art, collectors' items and antiques.<\/li>\n<\/ul>\n<p><a href=\"https:\/\/www.portugal.gov.pt\/pt\/gc24\/governo\/comunicado-do-conselho-de-ministros?i=665\">https:\/\/www.portugal.gov.pt\/pt\/gc24\/governo\/comunicado-do-conselho-of-ministros?i=665<\/a><\/p>\n<\/div><div id=\"ip\" class=\"x-text offset-anchor\" style=\"\" ><p><strong>V.2.2. Industrial Property <\/strong><\/p>\n<p>On March 12, provisional statistical data on Industrial Property Rights (IPR) application and grants for February 2025 was released:<\/p>\n<ul>\n<li>In the first two months of 2025, 143 applications for national inventions were filed (higher than the 121 applications filed in the same period of the previous year);<\/li>\n<li>With regard to grants, 52 national inventions were granted between January and February 2025, compared to 35 granted between January and February 2024, which represents an increase of 48.6%;<\/li>\n<li>The total number of International Applications (PCT) and European Patent Applications, via INPI as the Receiving Office, was 12 in the first two months of 2025 and 11 in the first two months of 2024. The number of validations of European Patents filed in Portugal between January and February 2025 increased by 26.1% compared to the same period last year, from 518 validations filed between January and February 2024 to 383 between January and February 2025;<\/li>\n<li>National Trademarks and Other Distinctive Trade Signs (OSDC) accounted for 4. 192 applications for registration in the first two months of 2025 (higher than the 3,983 applications filed in the same period of 2024), representing an increase of 5.2%;<\/li>\n<li>Applications for International Trademarks of origin in Portugal accounted for 29 applications between January and February 2025, a figure close to the 28 applications registered in the same period of 2024. The figures for applications for European Union Trademarks of origin in Portugal are not yet available and will be presented at a later date;<\/li>\n<li>With regard to Designations of International Trademarks for national study and registration, according to data from the World Intellectual Property Organization (WIPO), there was an increase compared to the same period last year. A total of 185 Trademark Applications were filed in the first two months of 2025 and 156 in the first two months of 2024.<\/li>\n<\/ul>\n<p>\u00a0<a href=\"https:\/\/inpi.justica.gov.pt\/Noticias-do-INPI\/Direitos-de-Propriedade-Industrial-janeiro-a-fevereiro-2025\">https:\/\/inpi.justica.gov.pt\/Noticias-do-INPI\/Direitos-of-Propriedaof-Industrial-janeiro-a-fevereiro-2025<\/a><\/p>\n<\/div><hr class=\"x-line e11791-e26 m93j-0\"\/><div class=\"x-text x-content e11791-e27 m93j-1\"><p>Legal notice:<br \/>\n<em>This publication was prepared by <a href=\"https:\/\/mgra.pt\/\">Mouteira Guerreiro, Rosa Amaral &amp; Associados, Sociedade de Advogados, SP RL<\/a><\/em> (\u201cMGRA\u201d)<em>, which holds all the intellectual property rights inherent to it.\u00a0 In particular, its content is not intended to be, nor should it be understood as, replacement of the professional legal advice required for the taking of decisions and resolution of specific cases, nor does it constitute, is deemed to or will constitute <\/em><a href=\"https:\/\/mgra.pt\/\">MGRA<\/a> <em>in any obligation of any nature. The copying, alteration, reproduction, distribution, circulation and inclusion in other documents or quotations are prohibited unless previously authorized by <\/em>. Our law firm<em> expressly disclaims all liability for any possible damages caused by actions taken or not taken based on any or all the contents of this <\/em><em>publication. See our\u00a0<a href=\"https:\/\/mgra.pt\/en\/terms-of-use\/\">terms and conditions<\/a><\/em><em>\u00a0and\u00a0 privacy policy. For any further questions or to subscribe please contact <a href=\"mailto:e-legal@mgra.pt\">e-legal@mgra.pt<\/a><\/em><em>.<\/em><\/p>\n<p><\/p>\n<p><em>Automatic translation disclaimer: <br \/>\n<\/em><em>The original text of this publication is the Portuguese version. Translation into languages other than Portuguese is intended to assist the non-English-reading public. We provide the translation through the use of professional automated translation software, \u00a0which is not perfect nor it can replace the human factor . As a result, some content may not be accurately translated due to both the limitations of the translation software state of the art and possible nuances in translating to a foreign language.<\/em><\/p>\n<p><em>No warranty of any kind, either expressed or implied, is made as to the accuracy, reliability, or correctness of any translation made from Portuguese into any other language. Any discrepancies or differences created in the translation are not binding and have no legal effect for compliance or enforcement purposes. <\/em><\/p>\n<p><em>\u00a0<\/em><a href=\"https:\/\/mgra.pt\/\">MGRA<\/a><em> disclaims and will not accept any liability for damages or losses of any kind arising out of, or in connection with, the use or performance of the translated information, including but not limited to, damages or losses caused by reliance upon the accuracy of any such information.<\/em><\/p><\/div><\/div><\/div><\/div><div id=\"x-section-4\" class=\"x-section\" style=\"margin: 0px;padding: 45px 0px; background-color: transparent;\" ><div id=\"\" class=\"x-container max width\" style=\"margin: 0px auto;padding: 0px;\" ><div  class=\"x-column x-sm x-1-1\" style=\"padding: 0px;\" ><div  class=\"x-entry-share\" ><p>Refer to<\/p><div class=\"x-share-options\"><a href=\"#share\" data-x-element=\"extra\" data-x-params=\"{&quot;type&quot;:&quot;tooltip&quot;,&quot;trigger&quot;:&quot;hover&quot;,&quot;placement&quot;:&quot;bottom&quot;,&quot;title&quot;:&quot;&quot;,&quot;content&quot;:&quot;&quot;}\" class=\"x-share\" title=\"Share on Facebook\" onclick=\"window.open('http:\/\/www.facebook.com\/sharer.php?u=https%3A%2F%2Fe-legal-blawg.com%2Fen%2Fwp-json%2Fwp%2Fv2%2Fposts%2F11791%2F&amp;t=Legal+updates+in+Portugal+%26%238211%3B+March+2025', 'popupFacebook', 'width=650, height=270, resizable=0, toolbar=0, menubar=0, status=0, location=0, scrollbars=0'); return false;\"><i class=\"x-icon-facebook-square\" data-x-icon-b=\"&#xf082;\"><\/i><\/a><a href=\"#share\" data-x-element=\"extra\" data-x-params=\"{&quot;type&quot;:&quot;tooltip&quot;,&quot;trigger&quot;:&quot;hover&quot;,&quot;placement&quot;:&quot;bottom&quot;,&quot;title&quot;:&quot;&quot;,&quot;content&quot;:&quot;&quot;}\" class=\"x-share\" title=\"Share on LinkedIn\" onclick=\"window.open('http:\/\/www.linkedin.com\/shareArticle?mini=true&amp;url=https%3A%2F%2Fe-legal-blawg.com%2Fen%2Fwp-json%2Fwp%2Fv2%2Fposts%2F11791%2F&amp;title=Legal+updates+in+Portugal+%26%238211%3B+March+2025&amp;summary=Legislative+updates+for+March+2024&amp;source=e%C2%AElegal', 'popupLinkedIn', 'width=610, height=480, resizable=0, toolbar=0, menubar=0, status=0, location=0, scrollbars=0'); return false;\"><i class=\"x-icon-linkedin-square\" data-x-icon-b=\"&#xf08c;\"><\/i><\/a><a href=\"mailto:?subject=Legal+updates+in+Portugal+%26%238211%3B+March+2025&amp;body=Here is an article I found interesting. https:\/\/e-legal-blawg.com\/en\/2025\/04\/14\/legal-updates-in-portugal-march-2025\/\" data-x-element=\"extra\" data-x-params=\"{&quot;type&quot;:&quot;tooltip&quot;,&quot;trigger&quot;:&quot;hover&quot;,&quot;placement&quot;:&quot;bottom&quot;,&quot;title&quot;:&quot;&quot;,&quot;content&quot;:&quot;&quot;}\" class=\"x-share email\" title=\"Share via Email\"><span><i class=\"x-icon-envelope-square\" data-x-icon-s=\"&#xf199;\"><\/i><\/span><\/a><\/div><\/div><\/div><\/div><\/div><div id=\"elegalMenu\">\n<div id=\"menu_elegal_mob\">\n<div><\/div>\n<div><\/div>\n<div><\/div>\n<\/div>\n<ul>\n \t<li><a href=\"#ed\">I. EDITORIAL<\/a><\/li>\n \t<li><a href=\"#le\">II. LEGISLATION<\/a><\/li>\n \t<li><a href=\"#pp\">III. PUBLIC PROCUREMENT <sup><strong>[NEW]<\/strong><\/sup><\/a>\u00a0<a href=\"#pp\"><\/a><\/li>\n \t<li><a href=\"#ju1\">IV. CASE-LAW<\/a>\n<ul>\n \t<li><a href=\"#ju1\">IV.1. Court of Justice of the European Union<\/a><\/li>\n \t<li><a href=\"#ju2\">IV.2. Constitutional Court<\/a><\/li>\n \t<li><a href=\"#ju3\">IV.3. Judicial Courts<\/a><\/li>\n \t<li><a href=\"#ju4\">IV.4. Administrative and Tax Courts<\/a><\/li>\n<\/ul>\n<\/li>\n \t<li><a href=\"#br\">V. BRIEFS<\/a>\n<ul>\n \t<li><a href=\"#br\">V.1. Doctrine<\/a>\n<ul>\n \t<li><a href=\"#br\">V.1.1. Monographs and Periodic Publication<\/a><\/li>\n \t<li><a href=\"#br12\">V.1.2. General Guidelines &amp; Cia<\/a><\/li>\n<\/ul>\n<\/li>\n<\/ul>\n<ul>\n \t<li><a href=\"#br2\">V.2. Miscellaneous<\/a>\n<ul>\n \t<li><a href=\"#br2\">V.2.1. Economy, Finance and Taxation<\/a><\/li>\n \t<li><a href=\"#ip\">V.2.2. Industrial Property<\/a><\/li>\n<\/ul>\n<\/li>\n<\/ul>\n<\/li>\n<\/ul>\n<\/div><div id=\"x-section-5\" class=\"x-section\" style=\"margin: 0px;padding: 45px 0px; background-color: transparent;\" ><\/div><\/div>\n","protected":false},"excerpt":{"rendered":"<p>Legislative updates for March 2024<\/p>\n","protected":false},"author":1,"featured_media":11726,"comment_status":"open","ping_status":"closed","sticky":false,"template":"","format":"standard","meta":{"rs_blank_template":"","rs_page_bg_color":"","slide_template_v7":"","footnotes":""},"categories":[22,1],"tags":[183,182,184,177,175,174,176],"class_list":["post-11791","post","type-post","status-publish","format-standard","has-post-thumbnail","hentry","category-e-legal19","category-uncategorized","tag-law-firm-portugal","tag-lawyers","tag-lawyers-portugal","tag-legal","tag-mgra","tag-mgra-advogados-2","tag-portugal"],"_links":{"self":[{"href":"https:\/\/e-legal-blawg.com\/en\/wp-json\/wp\/v2\/posts\/11791","targetHints":{"allow":["GET"]}}],"collection":[{"href":"https:\/\/e-legal-blawg.com\/en\/wp-json\/wp\/v2\/posts"}],"about":[{"href":"https:\/\/e-legal-blawg.com\/en\/wp-json\/wp\/v2\/types\/post"}],"author":[{"embeddable":true,"href":"https:\/\/e-legal-blawg.com\/en\/wp-json\/wp\/v2\/users\/1"}],"replies":[{"embeddable":true,"href":"https:\/\/e-legal-blawg.com\/en\/wp-json\/wp\/v2\/comments?post=11791"}],"version-history":[{"count":0,"href":"https:\/\/e-legal-blawg.com\/en\/wp-json\/wp\/v2\/posts\/11791\/revisions"}],"wp:featuredmedia":[{"embeddable":true,"href":"https:\/\/e-legal-blawg.com\/en\/wp-json\/wp\/v2\/media\/11726"}],"wp:attachment":[{"href":"https:\/\/e-legal-blawg.com\/en\/wp-json\/wp\/v2\/media?parent=11791"}],"wp:term":[{"taxonomy":"category","embeddable":true,"href":"https:\/\/e-legal-blawg.com\/en\/wp-json\/wp\/v2\/categories?post=11791"},{"taxonomy":"post_tag","embeddable":true,"href":"https:\/\/e-legal-blawg.com\/en\/wp-json\/wp\/v2\/tags?post=11791"}],"curies":[{"name":"wp","href":"https:\/\/api.w.org\/{rel}","templated":true}]}}